{"id":11495,"date":"2025-02-07T21:35:15","date_gmt":"2025-02-07T20:35:15","guid":{"rendered":"https:\/\/pasaenmendoza.com\/?p=11495"},"modified":"2025-02-07T21:35:16","modified_gmt":"2025-02-07T20:35:16","slug":"unos-4-000-docentes-rendiran-para-directores-la-convocatoria-de-la-dge-no-se-hacia-desde-2018","status":"publish","type":"post","link":"https:\/\/pasaenmendoza.com\/?p=11495","title":{"rendered":"Unos 4.000 docentes rendir\u00e1n para directores: la convocatoria de la DGE no se hac\u00eda desde 2018"},"content":{"rendered":"\n<p>La<strong>\u00a0DGE\u00a0<\/strong>(Direcci\u00f3n General de Escuelas) realiz\u00f3 el anuncio que m\u00e1s de cuatro mil\u00a0<strong>docentes<\/strong>\u00a0esperaban hace siete a\u00f1os: el 12 de febrero comienzan a rendirse los<strong>\u00a0ex\u00e1menes<\/strong>\u00a0para acceder a cargos de directores de\u00a0<strong>escuelas<\/strong>. Esta ser\u00e1 la primera de tres instancias: la segunda ser\u00e1 en mayo y la tercera en julio.<\/p>\n\n\n\n<p>En cuanto a la primera evaluaci\u00f3n, los&nbsp;<strong>docentes<\/strong>&nbsp;que rindan deber\u00e1n resolver un caso real que haya sucedido en \u00e1mbitos educativos y resolverlo utilizando todas las herramientas con las que cuente. Estos casos son planteados por la<strong>&nbsp;DGE.<\/strong><\/p>\n\n\n\n<p>Las personas que aprueben pasar\u00e1n a la segunda instancia: una pasant\u00eda en una\u00a0<strong>escuela<\/strong>\u00a0elegida en forma aleatoria, que comenzar\u00e1 el 5 de mayo y luego, la elaboraci\u00f3n de un proyecto que deber\u00e1 apuntar a la mejora de la instituci\u00f3n asignada. Este tendr\u00e1 que ser defendido por el docente que quiere acceder al cargo.<\/p>\n\n\n\n<h2 class=\"wp-block-heading\">C\u00f3mo se han preparado los docentes para ser directores<\/h2>\n\n\n\n<p>Desde la&nbsp;<strong>DGE<\/strong>&nbsp;informaron que desde el 2024 los y las&nbsp;<strong>docentes<\/strong>&nbsp;que cumpl\u00edan con las condiciones para rendir cargos de&nbsp;<strong>directores<\/strong>&nbsp;comenzaron a prepararse y a recibir contenidos a trav\u00e9s de webinars realizados por la&nbsp;<strong>DGE<\/strong>. Los \u00faltimos dos se realizaron en diciembre y enero y este jueves se efectuar\u00eda el \u00faltimo, previo a la fecha del<strong>&nbsp;examen.<\/strong><\/p>\n\n\n\n<p>Los contenidos tienen que ver con los saberes necesarios para poder resolver los casos que se plantear\u00e1n en la evaluaci\u00f3n.<\/p>\n\n\n\n<h2 class=\"wp-block-heading\">C\u00f3mo se elabor\u00f3 el contenido para el examen de directores<\/h2>\n\n\n\n<p>Como se dijo anteriormente, los y las aspirantes a&nbsp;<strong>directores&nbsp;<\/strong>deber\u00e1n resolver una situaci\u00f3n ocurrida en una instituci\u00f3n. En el proceso de escritura y selecci\u00f3n de casos han participado supervisores, directores de l\u00ednea de la&nbsp;<strong>DGE<\/strong>&nbsp;e integrantes de la comisi\u00f3n mixta definida para el concurso. En total, se han generado 70 casos entre todos los niveles y modalidades.<\/p>\n\n\n\n<p>Por sorteo, se le asignar\u00e1n 2 casos a cada uno de los aspirantes a ocupar un cargo directivo. Los docentes deben elegir uno de los dos y desarrollarlo.<\/p>\n\n\n\n<p>Desde la<strong>&nbsp;DGE<\/strong>&nbsp;destacaron que este tipo de examen es una experiencia \u00fanica a nivel nacional, ya que se trabajar\u00e1 sobre situaciones escolares que ocurren en el sistema educativo de Mendoza.<\/p>\n\n\n\n<p>Los&nbsp;<strong>docentes<\/strong>&nbsp;deber\u00e1n identificar cu\u00e1l es el n\u00facleo del problema: si la trayectoria, la evaluaci\u00f3n, el dise\u00f1o curricular, la comunicaci\u00f3n institucional o una planificaci\u00f3n inadecuada. Los aspirantes deber\u00e1n plantear una soluci\u00f3n, debidamente fundamentada y de acuerdo a las normas vigentes.<\/p>\n\n\n\n<h2 class=\"wp-block-heading\">Cu\u00e1ndo y d\u00f3nde se rinden los ex\u00e1menes<\/h2>\n\n\n\n<p>La&nbsp;<strong>DGE&nbsp;<\/strong>ha dividido la provincia en dos zonas para que los docentes rindan los ex\u00e1menes: Norte y Sur. La primera incluye Valle de Uco, Centro, Este y Norte. Y la segunda, San Rafael, Malarg\u00fce y General Alvear.<\/p>\n\n\n\n<p>En la zona norte, el examen se rendir\u00e1 en las aulas BACT de la UNCuyo y en la sur, en la escuela Manuel Ignacio Molina de San Rafael.<\/p>\n\n\n\n<p>El examen es el pr\u00f3ximo mi\u00e9rcoles 12 de febrero, a las 7.30 de la ma\u00f1ana.<\/p>\n\n\n\n<p><strong>Fuente: www.diariouno.com.ar<\/strong><\/p>\n","protected":false},"excerpt":{"rendered":"<p>La\u00a0DGE\u00a0(Direcci\u00f3n General de Escuelas) realiz\u00f3 el anuncio que m\u00e1s de cuatro mil\u00a0docentes\u00a0esperaban hace siete a\u00f1os: el 12 de febrero comienzan a rendirse los\u00a0ex\u00e1menes\u00a0para acceder a cargos de directores de\u00a0escuelas. Esta ser\u00e1 la primera de tres instancias: la segunda ser\u00e1 en mayo y la tercera en julio. En cuanto a la primera evaluaci\u00f3n, los&nbsp;docentes&nbsp;que rindan deber\u00e1n [&hellip;]<\/p>\n","protected":false},"author":2,"featured_media":11496,"comment_status":"open","ping_status":"open","sticky":false,"template":"","format":"standard","meta":[],"categories":[56],"tags":[],"_links":{"self":[{"href":"https:\/\/pasaenmendoza.com\/index.php?rest_route=\/wp\/v2\/posts\/11495"}],"collection":[{"href":"https:\/\/pasaenmendoza.com\/index.php?rest_route=\/wp\/v2\/posts"}],"about":[{"href":"https:\/\/pasaenmendoza.com\/index.php?rest_route=\/wp\/v2\/types\/post"}],"author":[{"embeddable":true,"href":"https:\/\/pasaenmendoza.com\/index.php?rest_route=\/wp\/v2\/users\/2"}],"replies":[{"embeddable":true,"href":"https:\/\/pasaenmendoza.com\/index.php?rest_route=%2Fwp%2Fv2%2Fcomments&post=11495"}],"version-history":[{"count":1,"href":"https:\/\/pasaenmendoza.com\/index.php?rest_route=\/wp\/v2\/posts\/11495\/revisions"}],"predecessor-version":[{"id":11497,"href":"https:\/\/pasaenmendoza.com\/index.php?rest_route=\/wp\/v2\/posts\/11495\/revisions\/11497"}],"wp:featuredmedia":[{"embeddable":true,"href":"https:\/\/pasaenmendoza.com\/index.php?rest_route=\/wp\/v2\/media\/11496"}],"wp:attachment":[{"href":"https:\/\/pasaenmendoza.com\/index.php?rest_route=%2Fwp%2Fv2%2Fmedia&parent=11495"}],"wp:term":[{"taxonomy":"category","embeddable":true,"href":"https:\/\/pasaenmendoza.com\/index.php?rest_route=%2Fwp%2Fv2%2Fcategories&post=11495"},{"taxonomy":"post_tag","embeddable":true,"href":"https:\/\/pasaenmendoza.com\/index.php?rest_route=%2Fwp%2Fv2%2Ftags&post=11495"}],"curies":[{"name":"wp","href":"https:\/\/api.w.org\/{rel}","templated":true}]}}