{"id":11498,"date":"2025-02-07T21:57:50","date_gmt":"2025-02-07T20:57:50","guid":{"rendered":"https:\/\/pasaenmendoza.com\/?p=11498"},"modified":"2025-02-07T21:57:51","modified_gmt":"2025-02-07T20:57:51","slug":"cornejo-y-un-intendente-peronista-celebraron-la-primera-planta-sin-emisiones-de-carbono-de-mendoza","status":"publish","type":"post","link":"https:\/\/pasaenmendoza.com\/?p=11498","title":{"rendered":"Cornejo y un intendente peronista celebraron la primera planta sin emisiones de carbono de Mendoza"},"content":{"rendered":"\n<p>En medio de un clima de convivencia pol\u00edtica, la empresa Eco de los Andes celebr\u00f3 haber alcanzado\u00a0<strong>cero emisiones de carbono\u00a0<\/strong>en su planta industrial de\u00a0<strong>Tunuy\u00e1n<\/strong>.<\/p>\n\n\n\n<p>La compa\u00f1\u00eda inaugur\u00f3 una placa para conmemorar el hecho y del acto participaron el gobernador\u00a0<strong>Alfredo Cornejo<\/strong>; la ministra de Ambiente y Energ\u00eda,\u00a0<strong>Jimena Latorre\u00a0<\/strong>y el intendente tunuyanino, el peronista\u00a0<strong>Emir Andraos<\/strong>. Todo esto ocurri\u00f3 en el marco del 30\u00ba aniversario de la empresa de aguas y bebidas.<\/p>\n\n\n\n<h2 class=\"wp-block-heading\">Primera planta industrial de Mendoza en alcanzar la meta de cero emisi\u00f3n de carbono<\/h2>\n\n\n\n<p>&#8220;Este hito se logr\u00f3 gracias a la transformaci\u00f3n de las instalaciones y equipos a el\u00e9ctricos, la utilizaci\u00f3n de energ\u00eda 100% renovable y la neutralizaci\u00f3n de las&nbsp;<strong>emisiones<\/strong>&nbsp;residuales&#8221;, explic\u00f3 Pablo Abad\u00eda, CEO de Eco Aguas y Bebidas Saludables.<\/p>\n\n\n\n<p>Detall\u00f3 el empresario que por un contrato con<strong>&nbsp;YPF Luz<\/strong>&nbsp;todos los procesos que utilizaban energ\u00eda el\u00e9ctrica en la f\u00e1brica empezaron a abastecerse de energ\u00eda e\u00f3lica.<\/p>\n\n\n\n<p>Adem\u00e1s, se reemplazaron los procesos que depend\u00edan de gas natural y gas licuado con reconversi\u00f3n de instalaciones y renovaci\u00f3n por completo de la flota de auto elevadores y desarrollo e instalaci\u00f3n de la primera\u00a0<strong>caldera industrial el\u00e9ctrica nacional<\/strong>, con capacidad para generar 2 toneladas por hora de vapor a una presi\u00f3n de 7 bar.<\/p>\n\n\n\n<h2 class=\"wp-block-heading\">Qu\u00e9 dijeron Alfredo Cornejo, Jimena Latorre y Emir Andraos<\/h2>\n\n\n\n<p>\u201cHe comprendido en mi larga experiencia que el mayor papel que tiene el Gobierno son los s\u00edmbolos que transmite para el conjunto de la comunidad\u201d, afirm\u00f3 Cornejo, y agreg\u00f3: &#8220;La m\u00e1xima contribuci\u00f3n que podemos hacer en un proceso cultural de<strong>&nbsp;cuidado del ambiente<\/strong>&nbsp;en este caso, pero tambi\u00e9n de c\u00f3mo se debe trabajar ante los problemas y tambi\u00e9n poner en valor de c\u00f3mo se deben hacer las cosas\u201d.<\/p>\n\n\n\n<p><strong>Mendoza puede hacer las cosas bien a prop\u00f3sito de que su cultura ya es de protecci\u00f3n del ambiente. Hoy somos mucho m\u00e1s eficientes en el cuidado del agua que lo que \u00e9ramos hace 10 a\u00f1os, pero hay menos agua. Conscientes de eso, creemos que podemos alcanzarlo<\/strong><\/p>\n\n\n\n<p>La ministra Jimena Latorre, por su parte, cont\u00f3 que, &#8220;aqu\u00ed llevan m\u00e1s de 20 a\u00f1os conquistando hito a hito desde el que los residuos no salieran de la planta y se trataran dentro de la misma planta, luego reutilizando para su packaging, para sus botellas PET de reciclaje y ahora tambi\u00e9n con las cero emisiones de&nbsp;<strong>di\u00f3xido de carbono,<\/strong>&nbsp;porque la planta se alimenta pura y exclusivamente de energ\u00edas renovables\u201d.<\/p>\n\n\n\n<p>Finalmente, el intendente destac\u00f3: \u201cEsto nos ha facilitado abrir puertas, mostrar que tenemos una<strong>&nbsp;l\u00ednea de pensamiento abierta<\/strong>, somos librepensadores a la hora de entender que los procesos sean en conjunto, sean vinculados\u201d, afirm\u00f3.<\/p>\n\n\n\n<p>\u201cGracias a nuestros altos est\u00e1ndares de calidad y seguridad, logramos embotellar un agua \u00fanica por su origen y pureza sin generar\u00a0<strong>emisiones de di\u00f3xido de carbono<\/strong>, lo que nos llena de orgullo y satisfacci\u00f3n\u201d, afirmaron representantes de Eco de los Andes.<\/p>\n\n\n\n<p><strong>Fuente: www.diariouno.com.ar<\/strong><\/p>\n","protected":false},"excerpt":{"rendered":"<p>En medio de un clima de convivencia pol\u00edtica, la empresa Eco de los Andes celebr\u00f3 haber alcanzado\u00a0cero emisiones de carbono\u00a0en su planta industrial de\u00a0Tunuy\u00e1n. La compa\u00f1\u00eda inaugur\u00f3 una placa para conmemorar el hecho y del acto participaron el gobernador\u00a0Alfredo Cornejo; la ministra de Ambiente y Energ\u00eda,\u00a0Jimena Latorre\u00a0y el intendente tunuyanino, el peronista\u00a0Emir Andraos. Todo esto [&hellip;]<\/p>\n","protected":false},"author":2,"featured_media":11499,"comment_status":"open","ping_status":"open","sticky":false,"template":"","format":"standard","meta":[],"categories":[47],"tags":[],"_links":{"self":[{"href":"https:\/\/pasaenmendoza.com\/index.php?rest_route=\/wp\/v2\/posts\/11498"}],"collection":[{"href":"https:\/\/pasaenmendoza.com\/index.php?rest_route=\/wp\/v2\/posts"}],"about":[{"href":"https:\/\/pasaenmendoza.com\/index.php?rest_route=\/wp\/v2\/types\/post"}],"author":[{"embeddable":true,"href":"https:\/\/pasaenmendoza.com\/index.php?rest_route=\/wp\/v2\/users\/2"}],"replies":[{"embeddable":true,"href":"https:\/\/pasaenmendoza.com\/index.php?rest_route=%2Fwp%2Fv2%2Fcomments&post=11498"}],"version-history":[{"count":1,"href":"https:\/\/pasaenmendoza.com\/index.php?rest_route=\/wp\/v2\/posts\/11498\/revisions"}],"predecessor-version":[{"id":11500,"href":"https:\/\/pasaenmendoza.com\/index.php?rest_route=\/wp\/v2\/posts\/11498\/revisions\/11500"}],"wp:featuredmedia":[{"embeddable":true,"href":"https:\/\/pasaenmendoza.com\/index.php?rest_route=\/wp\/v2\/media\/11499"}],"wp:attachment":[{"href":"https:\/\/pasaenmendoza.com\/index.php?rest_route=%2Fwp%2Fv2%2Fmedia&parent=11498"}],"wp:term":[{"taxonomy":"category","embeddable":true,"href":"https:\/\/pasaenmendoza.com\/index.php?rest_route=%2Fwp%2Fv2%2Fcategories&post=11498"},{"taxonomy":"post_tag","embeddable":true,"href":"https:\/\/pasaenmendoza.com\/index.php?rest_route=%2Fwp%2Fv2%2Ftags&post=11498"}],"curies":[{"name":"wp","href":"https:\/\/api.w.org\/{rel}","templated":true}]}}