{"id":11504,"date":"2025-02-10T23:22:42","date_gmt":"2025-02-10T22:22:42","guid":{"rendered":"https:\/\/pasaenmendoza.com\/?p=11504"},"modified":"2025-02-10T23:22:43","modified_gmt":"2025-02-10T22:22:43","slug":"por-segundo-ano-consecutivo-godoy-cruz-sera-epicentro-del-agasajo-de-vendimia","status":"publish","type":"post","link":"https:\/\/pasaenmendoza.com\/?p=11504","title":{"rendered":"Por segundo a\u00f1o consecutivo, Godoy Cruz ser\u00e1 epicentro del Agasajo de Vendimia"},"content":{"rendered":"\n<p>La agenda pol\u00edtico-empresaria de la\u00a0<strong>Vendimia 2025<\/strong>\u00a0empez\u00f3 a tomar color. Confirmado el cl\u00e1sico Desayuno de la Corporaci\u00f3n Vitivin\u00edcola Argentina (Coviar) en su escenario habitual,\u00a0<strong>Bodegas de Argentina<\/strong>\u00a0volver\u00e1 a hacer su\u00a0<strong>Agasajo<\/strong>\u00a0en\u00a0<strong>Godoy Cruz<\/strong>.<\/p>\n\n\n\n<p>Por segundo a\u00f1o consecutivo, el que alguna vez fue Almuerzo de las Fuerzas Vivas, hoy Agasajo Vendimial, ser\u00e1 en&nbsp;<strong>Espacio Arizu<\/strong>, el s\u00e1bado 9 de marzo. Como en 2024, se impuso la log\u00edstica de los festejos coordinada por el Gobierno a la pr\u00e1ctica de la c\u00e1mara organizadora.<\/p>\n\n\n\n<p>Es que hist\u00f3ricamente BA prioriz\u00f3 la\u00a0<strong>rotaci\u00f3n de sedes entre las bodegas asociadas<\/strong>. De hecho,\u00a0<strong>las \u00faltimas 2<\/strong>\u00a0anfitrionas del evento fueron bodegas de Luj\u00e1n:\u00a0<strong>Lamadrid\u00a0<\/strong>(2022) ubicada en Las Compuertas, y\u00a0en 2023 Belasco de Baquedano\u00a0(Agrelo).<\/p>\n\n\n\n<p>Sin confirmaci\u00f3n de presencia de&nbsp;<strong>autoridades nacionales<\/strong>, la instituci\u00f3n ya curs\u00f3 las invitaciones de rigor. Por ahora cuentan con la participaci\u00f3n de funcionarios del Ejecutivo mendocino, con el gobernador Alfredo Cornejo a la cabeza y parte de su gabinete.<\/p>\n\n\n\n<h2 class=\"wp-block-heading\">Godoy Cruz, sede del Agasajo de Vendimia: los motivos<\/h2>\n\n\n\n<p>&#8220;No hubo imposiciones de ning\u00fan tipo. Fue una\u00a0<strong>decisi\u00f3n institucional<\/strong>, porque el a\u00f1o pasado result\u00f3 muy bien dadas las\u00a0<strong>comodidades y la infraestructura<\/strong>\u00a0de Espacio Arizu, que se ha puesto en valor&#8221;, se\u00f1al\u00f3 Walter Pav\u00f3n, gerente de Relaciones Institucionales de\u00a0<strong>Bodegas de Argentina<\/strong>.<\/p>\n\n\n\n<p>En la entidad hay optimismo en cuanto a la convocatoria al Agasajo, que en los \u00faltimos a\u00f1os hab\u00eda perdido cierto peso dentro de la agenda de actos de la Vendimia frente al\u00a0Desayuno de Coviar.<\/p>\n\n\n\n<p>Por lo pronto, los organizadores ya pusieron en marcha el dispositivo para la prensa, sujeto a cupo y espacio disponible en Arizu.<\/p>\n\n\n\n<p>En cambio, desde la&nbsp;<strong>Coviar ratificaron que no habr\u00e1 sorpresas<\/strong>&nbsp;en cuanto a la sede del Desayuno. Como en la mayor\u00eda de las casi 2 d\u00e9cadas del evento anual que abre la agenda de actos del s\u00e1bado, el hotel&nbsp;<strong>Park Hyatt Mendoza<\/strong>&nbsp;volver\u00e1 a cobijarlo.<\/p>\n\n\n\n<p>La \u00faltima ocasi\u00f3n en que la Corporaci\u00f3n modific\u00f3 la sede del encuentro fue durante la Vendimia 2021, en plena pandemia de Covid-19. Entonces, el DISPO (Distanciamiento Preventivo y Obligatorio) oblig\u00f3 a trasladar el Desayuno al predio del INTA.<\/p>\n\n\n\n<p><strong>Fuente: www.diariouno.com.ar<\/strong><\/p>\n\n\n\n<p><a rel=\"noreferrer noopener\" href=\"https:\/\/twitter.com\/intent\/tweet?url=https%3A%2F%2Fwww.diariouno.com.ar%2Fc1401559&amp;related=diariouno&amp;text=Por+segundo+a%C3%B1o+consecutivo%2C+Godoy+Cruz+ser%C3%A1+epicentro+del+Agasajo+de+Vendimia&amp;via=diariouno\" target=\"_blank\"><\/a><\/p>\n\n\n\n<p><a href=\"mailto:?body=https%3A%2F%2Fwww.diariouno.com.ar%2Feconomia%2Fpor-segundo-ano-consecutivo-godoy-cruz-sera-epicentro-del-agasajo-vendimia-n1401559&amp;subject=%E2%80%9CPor%20segundo%20a%C3%B1o%20consecutivo%2C%20Godoy%20Cruz%20ser%C3%A1%20epicentro%20del%20Agasajo%20de%20Vendimia%E2%80%9D\"><\/a><a rel=\"noreferrer noopener\" href=\"https:\/\/api.whatsapp.com\/send?text=%E2%80%9CPor%20segundo%20a%C3%B1o%20consecutivo%2C%20Godoy%20Cruz%20ser%C3%A1%20epicentro%20del%20Agasajo%20de%20Vendimia%E2%80%9D%20https%3A%2F%2Fwww.diariouno.com.ar%2Feconomia%2Fpor-segundo-ano-consecutivo-godoy-cruz-sera-epicentro-del-agasajo-vendimia-n1401559\" target=\"_blank\"><\/a><\/p>\n","protected":false},"excerpt":{"rendered":"<p>La agenda pol\u00edtico-empresaria de la\u00a0Vendimia 2025\u00a0empez\u00f3 a tomar color. Confirmado el cl\u00e1sico Desayuno de la Corporaci\u00f3n Vitivin\u00edcola Argentina (Coviar) en su escenario habitual,\u00a0Bodegas de Argentina\u00a0volver\u00e1 a hacer su\u00a0Agasajo\u00a0en\u00a0Godoy Cruz. Por segundo a\u00f1o consecutivo, el que alguna vez fue Almuerzo de las Fuerzas Vivas, hoy Agasajo Vendimial, ser\u00e1 en&nbsp;Espacio Arizu, el s\u00e1bado 9 de marzo. Como [&hellip;]<\/p>\n","protected":false},"author":2,"featured_media":11505,"comment_status":"open","ping_status":"open","sticky":false,"template":"","format":"standard","meta":[],"categories":[74],"tags":[],"_links":{"self":[{"href":"https:\/\/pasaenmendoza.com\/index.php?rest_route=\/wp\/v2\/posts\/11504"}],"collection":[{"href":"https:\/\/pasaenmendoza.com\/index.php?rest_route=\/wp\/v2\/posts"}],"about":[{"href":"https:\/\/pasaenmendoza.com\/index.php?rest_route=\/wp\/v2\/types\/post"}],"author":[{"embeddable":true,"href":"https:\/\/pasaenmendoza.com\/index.php?rest_route=\/wp\/v2\/users\/2"}],"replies":[{"embeddable":true,"href":"https:\/\/pasaenmendoza.com\/index.php?rest_route=%2Fwp%2Fv2%2Fcomments&post=11504"}],"version-history":[{"count":1,"href":"https:\/\/pasaenmendoza.com\/index.php?rest_route=\/wp\/v2\/posts\/11504\/revisions"}],"predecessor-version":[{"id":11506,"href":"https:\/\/pasaenmendoza.com\/index.php?rest_route=\/wp\/v2\/posts\/11504\/revisions\/11506"}],"wp:featuredmedia":[{"embeddable":true,"href":"https:\/\/pasaenmendoza.com\/index.php?rest_route=\/wp\/v2\/media\/11505"}],"wp:attachment":[{"href":"https:\/\/pasaenmendoza.com\/index.php?rest_route=%2Fwp%2Fv2%2Fmedia&parent=11504"}],"wp:term":[{"taxonomy":"category","embeddable":true,"href":"https:\/\/pasaenmendoza.com\/index.php?rest_route=%2Fwp%2Fv2%2Fcategories&post=11504"},{"taxonomy":"post_tag","embeddable":true,"href":"https:\/\/pasaenmendoza.com\/index.php?rest_route=%2Fwp%2Fv2%2Ftags&post=11504"}],"curies":[{"name":"wp","href":"https:\/\/api.w.org\/{rel}","templated":true}]}}