{"id":11510,"date":"2025-02-10T23:45:54","date_gmt":"2025-02-10T22:45:54","guid":{"rendered":"https:\/\/pasaenmendoza.com\/?p=11510"},"modified":"2025-02-10T23:45:55","modified_gmt":"2025-02-10T22:45:55","slug":"adelantaron-que-el-paso-a-chile-se-habilitara-el-martes-por-la-complejidad-de-los-trabajos-tras-los-aludes","status":"publish","type":"post","link":"https:\/\/pasaenmendoza.com\/?p=11510","title":{"rendered":"Adelantaron que el paso a Chile se habilitar\u00e1 el martes por la complejidad de los trabajos tras los aludes"},"content":{"rendered":"\n<p>El\u00a0<strong>paso a Chile<\/strong>\u00a0por\u00a0<strong>Ruta 7\u00a0<\/strong>sigue cortado de manera preventiva despu\u00e9s de los\u00a0<strong>aludes\u00a0<\/strong>ocurridos el domingo en la zona entre\u00a0<strong>Picheuta\u00a0<\/strong>y\u00a0<strong>Polvaredas<\/strong>. Operarios de Vialidad Nacional contin\u00faan realizando el despeje del camino, seg\u00fan anticiparon las autoridades del\u00a0<strong>Sistema Cristo Redentor<\/strong><em>\u00a0<\/em>en las primeras horas de este lunes.<\/p>\n\n\n\n<p>El dato de \u00faltima hora es que la Coordinaci\u00f3n Argentina del\u00a0<strong>Paso internacional\u00a0<\/strong>inform\u00f3 que &#8220;se continuar\u00e1n con los trabajos de despeje de material sobre la RN7. Dada la complejidad que presenta dicho incidente, la habilitaci\u00f3n segura del Paso Internacional Cristo Redentor se producir\u00e1 el d\u00eda\u00a0<strong>11 de febrero<\/strong>\u00a0en horas de la ma\u00f1ana&#8221;.<\/p>\n\n\n\n<p>Como opci\u00f3n a tener en cuenta, el&nbsp;<strong>paso Pehuenche<\/strong>, en Malarg\u00fce, s\u00ed est\u00e1 habilitado para todo tipo de veh\u00edculos.<\/p>\n\n\n\n<h2 class=\"wp-block-heading\">El problema en alta monta\u00f1a tras los aludes del domingo<\/h2>\n\n\n\n<p>M\u00e1s de 30 veh\u00edculos -entre ellos, un micro de larga distancia- quedaron atrapados el domingo por los&nbsp;<strong>aludes<\/strong>. Los pasajeros y ocupantes de los autos varados est\u00e1n en buenas condiciones.<\/p>\n\n\n\n<p>Por lo pronto, durante las primeras horas de este lunes todav\u00eda no se pod\u00eda circular por la zona, tanto quienes desean cruzar a\u00a0<strong>Chile\u00a0<\/strong>como los viajeros que esperan por volver a\u00a0<strong>Mendoza<\/strong>\u00a0desde el vecino pa\u00eds.<\/p>\n\n\n\n<p>Osvaldo Valle, vocero de la\u00a0<strong>Coordinaci\u00f3n de Fronteras<\/strong>, inform\u00f3 que &#8220;est\u00e1n trabajando las m\u00e1quinas, tratando de despejar la ruta, tanto en el kil\u00f3metro 1178 de Cortaderas como la zona Picheuta a la altura del kil\u00f3metro 1160&#8221;.<\/p>\n\n\n\n<p>En tanto, ya se logr\u00f3 evacuar a los veh\u00edculos que estaban entre los\u00a0<strong>aludes<\/strong>. Hasta el momento hay unos\u00a0<strong>300 veh\u00edculos<\/strong>\u00a0en Punta de Vacas y otros 200 en Uspallata, en sentido de Argentina hacia Chile.<\/p>\n\n\n\n<p>Las recomendaciones de las autoridades es &#8220;no subir a&nbsp;<strong>alta monta\u00f1a<\/strong>&#8220;, y se trabaja tambi\u00e9n para ordenar el tr\u00e1nsito en espera de los veh\u00edculos que quedaron desplazados en la zona de Punta de Vacas.<\/p>\n\n\n\n<h2 class=\"wp-block-heading\">El paso a Chile quedar\u00eda habilitado el martes<\/h2>\n\n\n\n<p>Durante la madrugada, poco y nada pudieron hacer los\u00a0operarios de\u00a0<strong>Vialidad Nacional<\/strong>\u00a0debido a que segu\u00eda escurriendo agua en la zona de Picheuta. Los intensos trabajos contin\u00faan, aunque reci\u00e9n el martes esperan habilitar el Paso.<\/p>\n\n\n\n<p>&#8220;Dej\u00f3 de llover y ahora est\u00e1 un poco m\u00e1s tranquilo&#8221;, anunci\u00f3 Osvaldo Valle, quien confirm\u00f3 que una vez se limpie el barro y las piedras de la\u00a0<strong>Ruta 7<\/strong>\u00a0&#8220;se volver\u00e1 a normalizar el tr\u00e1nsito y el\u00a0<strong>Sistema Integrado Cristo Redentor<\/strong>\u00a0volver\u00e1 a funcionar&#8221;.<\/p>\n\n\n\n<p>Los cortes se est\u00e1n dando sobre la Ruta 40 en su intersecci\u00f3n con la\u00a0<strong>Ruta 7<\/strong>\u00a0para camiones y en la\u00a0<strong>Ruta 7<\/strong>\u00a0en su cruce con la Ruta 82 y 84 para veh\u00edculos livianos. Valle remarc\u00f3 que &#8220;la lluvia fue muy fuerte&#8221; el domingo en\u00a0<strong>alta monta\u00f1a<\/strong>.<\/p>\n\n\n\n<p><strong>Fuente: diariouno.com.ar<\/strong><\/p>\n","protected":false},"excerpt":{"rendered":"<p>El\u00a0paso a Chile\u00a0por\u00a0Ruta 7\u00a0sigue cortado de manera preventiva despu\u00e9s de los\u00a0aludes\u00a0ocurridos el domingo en la zona entre\u00a0Picheuta\u00a0y\u00a0Polvaredas. Operarios de Vialidad Nacional contin\u00faan realizando el despeje del camino, seg\u00fan anticiparon las autoridades del\u00a0Sistema Cristo Redentor\u00a0en las primeras horas de este lunes. El dato de \u00faltima hora es que la Coordinaci\u00f3n Argentina del\u00a0Paso internacional\u00a0inform\u00f3 que &#8220;se continuar\u00e1n [&hellip;]<\/p>\n","protected":false},"author":2,"featured_media":11511,"comment_status":"open","ping_status":"open","sticky":false,"template":"","format":"standard","meta":[],"categories":[66],"tags":[],"_links":{"self":[{"href":"https:\/\/pasaenmendoza.com\/index.php?rest_route=\/wp\/v2\/posts\/11510"}],"collection":[{"href":"https:\/\/pasaenmendoza.com\/index.php?rest_route=\/wp\/v2\/posts"}],"about":[{"href":"https:\/\/pasaenmendoza.com\/index.php?rest_route=\/wp\/v2\/types\/post"}],"author":[{"embeddable":true,"href":"https:\/\/pasaenmendoza.com\/index.php?rest_route=\/wp\/v2\/users\/2"}],"replies":[{"embeddable":true,"href":"https:\/\/pasaenmendoza.com\/index.php?rest_route=%2Fwp%2Fv2%2Fcomments&post=11510"}],"version-history":[{"count":1,"href":"https:\/\/pasaenmendoza.com\/index.php?rest_route=\/wp\/v2\/posts\/11510\/revisions"}],"predecessor-version":[{"id":11512,"href":"https:\/\/pasaenmendoza.com\/index.php?rest_route=\/wp\/v2\/posts\/11510\/revisions\/11512"}],"wp:featuredmedia":[{"embeddable":true,"href":"https:\/\/pasaenmendoza.com\/index.php?rest_route=\/wp\/v2\/media\/11511"}],"wp:attachment":[{"href":"https:\/\/pasaenmendoza.com\/index.php?rest_route=%2Fwp%2Fv2%2Fmedia&parent=11510"}],"wp:term":[{"taxonomy":"category","embeddable":true,"href":"https:\/\/pasaenmendoza.com\/index.php?rest_route=%2Fwp%2Fv2%2Fcategories&post=11510"},{"taxonomy":"post_tag","embeddable":true,"href":"https:\/\/pasaenmendoza.com\/index.php?rest_route=%2Fwp%2Fv2%2Ftags&post=11510"}],"curies":[{"name":"wp","href":"https:\/\/api.w.org\/{rel}","templated":true}]}}