{"id":11513,"date":"2025-02-11T13:25:52","date_gmt":"2025-02-11T12:25:52","guid":{"rendered":"https:\/\/pasaenmendoza.com\/?p=11513"},"modified":"2025-02-11T13:25:53","modified_gmt":"2025-02-11T12:25:53","slug":"baja-la-temperatura-tras-la-ola-de-calor-y-asi-estara-el-tiempo-en-mendoza","status":"publish","type":"post","link":"https:\/\/pasaenmendoza.com\/?p=11513","title":{"rendered":"Baja la temperatura tras la ola de calor y as\u00ed estar\u00e1 el tiempo en Mendoza"},"content":{"rendered":"\n<p>Luego de una ola de calor que dur\u00f3 cinco d\u00edas y que este lunes tuvo su pico m\u00e1ximo con temperaturas que superaron los 40\u00b0C en Mendoza, se espera que este martes comience a bajar la temperatura.<\/p>\n\n\n\n<p>Durante la tarde del lunes el alivio ya se hizo sentir. Luego de las 19 el cielo se nubl\u00f3 y hacia la noche empez\u00f3 a correr viento marcando un leve descenso de la temperatura.<\/p>\n\n\n\n<p>Para este martes se espera una m\u00e1xima de 34\u00b0C y una m\u00ednima de 25\u00b0C. Si bien sigue siendo una alta temperatura, se ubica lejos de lo registrado durante el domingo y el lunes.<\/p>\n\n\n\n<p>Durante los pr\u00f3ximos d\u00edas (mi\u00e9rcoles y jueves) habr\u00e1 temperaturas similares a la de este martes: ser\u00e1n d\u00edas calurosos, pero con vientos moderados.<\/p>\n\n\n\n<p><strong>Fuente: www.elsol.com.ar<\/strong><\/p>\n","protected":false},"excerpt":{"rendered":"<p>Luego de una ola de calor que dur\u00f3 cinco d\u00edas y que este lunes tuvo su pico m\u00e1ximo con temperaturas que superaron los 40\u00b0C en Mendoza, se espera que este martes comience a bajar la temperatura. Durante la tarde del lunes el alivio ya se hizo sentir. Luego de las 19 el cielo se nubl\u00f3 [&hellip;]<\/p>\n","protected":false},"author":2,"featured_media":11514,"comment_status":"open","ping_status":"open","sticky":false,"template":"","format":"standard","meta":[],"categories":[52],"tags":[],"_links":{"self":[{"href":"https:\/\/pasaenmendoza.com\/index.php?rest_route=\/wp\/v2\/posts\/11513"}],"collection":[{"href":"https:\/\/pasaenmendoza.com\/index.php?rest_route=\/wp\/v2\/posts"}],"about":[{"href":"https:\/\/pasaenmendoza.com\/index.php?rest_route=\/wp\/v2\/types\/post"}],"author":[{"embeddable":true,"href":"https:\/\/pasaenmendoza.com\/index.php?rest_route=\/wp\/v2\/users\/2"}],"replies":[{"embeddable":true,"href":"https:\/\/pasaenmendoza.com\/index.php?rest_route=%2Fwp%2Fv2%2Fcomments&post=11513"}],"version-history":[{"count":1,"href":"https:\/\/pasaenmendoza.com\/index.php?rest_route=\/wp\/v2\/posts\/11513\/revisions"}],"predecessor-version":[{"id":11515,"href":"https:\/\/pasaenmendoza.com\/index.php?rest_route=\/wp\/v2\/posts\/11513\/revisions\/11515"}],"wp:featuredmedia":[{"embeddable":true,"href":"https:\/\/pasaenmendoza.com\/index.php?rest_route=\/wp\/v2\/media\/11514"}],"wp:attachment":[{"href":"https:\/\/pasaenmendoza.com\/index.php?rest_route=%2Fwp%2Fv2%2Fmedia&parent=11513"}],"wp:term":[{"taxonomy":"category","embeddable":true,"href":"https:\/\/pasaenmendoza.com\/index.php?rest_route=%2Fwp%2Fv2%2Fcategories&post=11513"},{"taxonomy":"post_tag","embeddable":true,"href":"https:\/\/pasaenmendoza.com\/index.php?rest_route=%2Fwp%2Fv2%2Ftags&post=11513"}],"curies":[{"name":"wp","href":"https:\/\/api.w.org\/{rel}","templated":true}]}}