{"id":11516,"date":"2025-02-11T13:54:35","date_gmt":"2025-02-11T12:54:35","guid":{"rendered":"https:\/\/pasaenmendoza.com\/?p=11516"},"modified":"2025-02-11T13:54:36","modified_gmt":"2025-02-11T12:54:36","slug":"las-primeras-pruebas-que-complican-al-chofer-del-micro-por-el-accidente-en-maipu","status":"publish","type":"post","link":"https:\/\/pasaenmendoza.com\/?p=11516","title":{"rendered":"Las primeras pruebas que complican al chofer del micro por el accidente en Maip\u00fa"},"content":{"rendered":"\n<p>Es cuesti\u00f3n de horas, o tal vez d\u00edas, para que se defina la situaci\u00f3n penal del conductor del\u00a0<strong>micro<\/strong>\u00a0que protagoniz\u00f3 el\u00a0<strong>accidente<\/strong>\u00a0fatal con un cami\u00f3n en la tarde del viernes pasado. La primera reconstrucci\u00f3n del hecho apunta a que una imprudencia del hombre fue lo que origin\u00f3 el choque en\u00a0<strong>Maip\u00fa<\/strong>\u00a0y por este motivo ser\u00e1 imputado en la causa penal.<\/p>\n\n\n\n<p>Desde el momento en que ocurri\u00f3 el accidente, se abri\u00f3 una causa penal de rigor en la Unidad Fiscal de Tr\u00e1nsito en busca de determinar si hubo responsabilidad en el hecho. Habiendo pasado algunos d\u00edas, todo apunta a que el conductor del&nbsp;<strong>micro<\/strong>&nbsp;habr\u00eda tenido una conducta negligente que caus\u00f3 el impacto entre ambos veh\u00edculos.<\/p>\n\n\n\n<p>El adelanto de las primeras pericias que realiz\u00f3 Polic\u00eda Cient\u00edfica en el lugar, junto a algunos testimonios que se incorporaron en la causa, apuntaa que el\u00a0<strong>micro<\/strong>\u00a0fue el que invadi\u00f3 el carril contrario al doblar hacia la izquierda. Si bien estaba permitido el giro en esa intersecci\u00f3n de carril Rodr\u00edguez Pe\u00f1a y Arturo Gonz\u00e1lez, en\u00a0<strong>Maip\u00fa<\/strong>, la persona que lo realiza debe tener la precauci\u00f3n suficiente de esperar que circulen los veh\u00edculos que transitan en la calzada contraria. Y mucho m\u00e1s siendo un chofer profesional.<\/p>\n\n\n\n<p>De esta forma, una vez que el conductor del\u00a0<strong>micro<\/strong>\u00a0sea dado de alta del Hospital Central, quedar\u00e1 a disposici\u00f3n de la Fiscal\u00eda y ser\u00e1 imputado por el delito de homicidio culposo en perjuicio de menor\u00a0<strong>Samir Tula<\/strong>\u00a0(12), que fue\u00a0la \u00fanica v\u00edctima fatal del\u00a0<strong>accidente<\/strong>\u00a0tras sufrir quemaduras en el 90% de su cuerpo. Restar\u00e1 definir si recupera la libertad o queda detenido en el marco de la investigaci\u00f3n, aunque lo m\u00e1s probable es que ocurra lo primero ya que no tiene antecedentes penales y se trata de un delito excarcelable.<\/p>\n\n\n\n<p>Los investigadores tambi\u00e9n comenzar\u00e1n a tomar las declaraciones en c\u00e1mara Gesell de los ni\u00f1os que iban a bordo del micro. Habr\u00e1 que esperar a esa instancia para confirmar lo que vienen diciendo medi\u00e1ticamente: que el hombre estaba distra\u00eddo utilizando el tel\u00e9fono celular al momento del\u00a0<strong>accidente.<\/strong>\u00a0En caso de confirmarse esa versi\u00f3n, se podr\u00eda complicar a\u00fan m\u00e1s la situaci\u00f3n procesal del conductor del\u00a0<strong>micro.<\/strong><\/p>\n\n\n\n<p><strong>Fuente: www.diariouno.com.ar<\/strong><\/p>\n","protected":false},"excerpt":{"rendered":"<p>Es cuesti\u00f3n de horas, o tal vez d\u00edas, para que se defina la situaci\u00f3n penal del conductor del\u00a0micro\u00a0que protagoniz\u00f3 el\u00a0accidente\u00a0fatal con un cami\u00f3n en la tarde del viernes pasado. La primera reconstrucci\u00f3n del hecho apunta a que una imprudencia del hombre fue lo que origin\u00f3 el choque en\u00a0Maip\u00fa\u00a0y por este motivo ser\u00e1 imputado en la [&hellip;]<\/p>\n","protected":false},"author":2,"featured_media":11517,"comment_status":"open","ping_status":"open","sticky":false,"template":"","format":"standard","meta":[],"categories":[48],"tags":[],"_links":{"self":[{"href":"https:\/\/pasaenmendoza.com\/index.php?rest_route=\/wp\/v2\/posts\/11516"}],"collection":[{"href":"https:\/\/pasaenmendoza.com\/index.php?rest_route=\/wp\/v2\/posts"}],"about":[{"href":"https:\/\/pasaenmendoza.com\/index.php?rest_route=\/wp\/v2\/types\/post"}],"author":[{"embeddable":true,"href":"https:\/\/pasaenmendoza.com\/index.php?rest_route=\/wp\/v2\/users\/2"}],"replies":[{"embeddable":true,"href":"https:\/\/pasaenmendoza.com\/index.php?rest_route=%2Fwp%2Fv2%2Fcomments&post=11516"}],"version-history":[{"count":1,"href":"https:\/\/pasaenmendoza.com\/index.php?rest_route=\/wp\/v2\/posts\/11516\/revisions"}],"predecessor-version":[{"id":11518,"href":"https:\/\/pasaenmendoza.com\/index.php?rest_route=\/wp\/v2\/posts\/11516\/revisions\/11518"}],"wp:featuredmedia":[{"embeddable":true,"href":"https:\/\/pasaenmendoza.com\/index.php?rest_route=\/wp\/v2\/media\/11517"}],"wp:attachment":[{"href":"https:\/\/pasaenmendoza.com\/index.php?rest_route=%2Fwp%2Fv2%2Fmedia&parent=11516"}],"wp:term":[{"taxonomy":"category","embeddable":true,"href":"https:\/\/pasaenmendoza.com\/index.php?rest_route=%2Fwp%2Fv2%2Fcategories&post=11516"},{"taxonomy":"post_tag","embeddable":true,"href":"https:\/\/pasaenmendoza.com\/index.php?rest_route=%2Fwp%2Fv2%2Ftags&post=11516"}],"curies":[{"name":"wp","href":"https:\/\/api.w.org\/{rel}","templated":true}]}}