{"id":11520,"date":"2025-02-11T23:33:15","date_gmt":"2025-02-11T22:33:15","guid":{"rendered":"https:\/\/pasaenmendoza.com\/?p=11520"},"modified":"2025-02-11T23:33:16","modified_gmt":"2025-02-11T22:33:16","slug":"certificado-unico-de-discapacidad-como-retirar-las-entradas-para-la-fiesta-nacional-de-la-vendimia-2025","status":"publish","type":"post","link":"https:\/\/pasaenmendoza.com\/?p=11520","title":{"rendered":"Certificado \u00danico de Discapacidad: c\u00f3mo retirar las entradas para la Fiesta Nacional de la Vendimia 2025"},"content":{"rendered":"\n<p>La\u00a0<strong>Fiesta Nacional de la Vendimia<\/strong>\u00a02025 se realizar\u00e1 el s\u00e1bado 8 de marzo en el Anfiteatro Griego Fran Romero Day. Desde el Gobierno de la provincia de Mendoza ya confirmaron c\u00f3mo se pueden reservar y retirar las entradas que est\u00e1n destinadas a las\u00a0<strong>personas con discapacidad<\/strong>.<\/p>\n\n\n\n<p>Los interesados deber\u00e1n completar el formulario de reserva correspondiente a cada caso:<\/p>\n\n\n\n<p>\u2013 Para Personas con CUD:\u00a0https:\/\/forms.gle\/juH3f2T1JJnSmyaS8<\/p>\n\n\n\n<p>\u2013 Para Instituciones:\u00a0https:\/\/forms.gle\/8ze6kvBDs8AE8r4C7<\/p>\n\n\n\n<p>Es muy importante que se presente el&nbsp;<strong>Certificado \u00danico de Discapacidad (CUD)<\/strong>&nbsp;vigente. El mismo estar\u00e1 disponible hasta completar el cupo de entradas disponibles. Una vez completo y enviado el formulario, dentro de las 48hs, recibir\u00e1 la respuesta a la solicitud.<\/p>\n\n\n\n<p>Adem\u00e1s, las autoridades confirmaron que el link para el ingreso al formulario estar\u00e1 visible en las p\u00e1ginas oficiales de Gobierno y redes sociales.<\/p>\n\n\n\n<p>Para aquellas personas que no puedan completar el formulario de manera online, podr\u00e1n concurrir a la&nbsp;<strong>Direcci\u00f3n de Atenci\u00f3n a la Persona con Discapacidad<\/strong>, la cual est\u00e1 ubicada en Pedro Molina 565, Ciudad de Mendoza, en horario de 8 a 16, donde se brindar\u00e1 asistencia \u00f3 en el Municipio correspondiente, de 8:00 a 13:00Hs.<\/p>\n\n\n\n<h2 class=\"wp-block-heading\">\u00bfCu\u00e1ntas entradas se entregaran?<\/h2>\n\n\n\n<p>Se confirm\u00f3 que se entregar\u00e1n 2 (dos) entradas, 1 para la PcD y otra para su acompa\u00f1ante. La limitaci\u00f3n de entradas para una sola noche; tiene como objetivo asegurar que m\u00e1s\u00a0<strong>personas con discapacidad<\/strong>\u00a0puedan acceder y disfrutar de la\u00a0<strong>Fiesta Nacional de la Vendimia 2025<\/strong>.<\/p>\n\n\n\n<h2 class=\"wp-block-heading\"><strong>Retiro de entradas<\/strong><\/h2>\n\n\n\n<p>Las personas que hayan completado el formulario y recibido la confirmaci\u00f3n por correo electr\u00f3nico, deber\u00e1n retirar sus entradas entre el\u00a0<strong>24 y el 28 de febrero<\/strong>, de 8 a 15 horas, en la Direcci\u00f3n de Atenci\u00f3n a la Persona con Discapacidad, Pedro Molina 565, Ciudad de Mendoza. Para el retiro de las mismas se deber\u00e1 presentar DNI de la persona solicitante (PcD).<\/p>\n\n\n\n<p><strong>Fuente: www.diariouno.com.ar<\/strong><\/p>\n","protected":false},"excerpt":{"rendered":"<p>La\u00a0Fiesta Nacional de la Vendimia\u00a02025 se realizar\u00e1 el s\u00e1bado 8 de marzo en el Anfiteatro Griego Fran Romero Day. Desde el Gobierno de la provincia de Mendoza ya confirmaron c\u00f3mo se pueden reservar y retirar las entradas que est\u00e1n destinadas a las\u00a0personas con discapacidad. Los interesados deber\u00e1n completar el formulario de reserva correspondiente a cada [&hellip;]<\/p>\n","protected":false},"author":2,"featured_media":11521,"comment_status":"open","ping_status":"open","sticky":false,"template":"","format":"standard","meta":[],"categories":[74],"tags":[],"_links":{"self":[{"href":"https:\/\/pasaenmendoza.com\/index.php?rest_route=\/wp\/v2\/posts\/11520"}],"collection":[{"href":"https:\/\/pasaenmendoza.com\/index.php?rest_route=\/wp\/v2\/posts"}],"about":[{"href":"https:\/\/pasaenmendoza.com\/index.php?rest_route=\/wp\/v2\/types\/post"}],"author":[{"embeddable":true,"href":"https:\/\/pasaenmendoza.com\/index.php?rest_route=\/wp\/v2\/users\/2"}],"replies":[{"embeddable":true,"href":"https:\/\/pasaenmendoza.com\/index.php?rest_route=%2Fwp%2Fv2%2Fcomments&post=11520"}],"version-history":[{"count":1,"href":"https:\/\/pasaenmendoza.com\/index.php?rest_route=\/wp\/v2\/posts\/11520\/revisions"}],"predecessor-version":[{"id":11522,"href":"https:\/\/pasaenmendoza.com\/index.php?rest_route=\/wp\/v2\/posts\/11520\/revisions\/11522"}],"wp:featuredmedia":[{"embeddable":true,"href":"https:\/\/pasaenmendoza.com\/index.php?rest_route=\/wp\/v2\/media\/11521"}],"wp:attachment":[{"href":"https:\/\/pasaenmendoza.com\/index.php?rest_route=%2Fwp%2Fv2%2Fmedia&parent=11520"}],"wp:term":[{"taxonomy":"category","embeddable":true,"href":"https:\/\/pasaenmendoza.com\/index.php?rest_route=%2Fwp%2Fv2%2Fcategories&post=11520"},{"taxonomy":"post_tag","embeddable":true,"href":"https:\/\/pasaenmendoza.com\/index.php?rest_route=%2Fwp%2Fv2%2Ftags&post=11520"}],"curies":[{"name":"wp","href":"https:\/\/api.w.org\/{rel}","templated":true}]}}