{"id":11523,"date":"2025-02-11T23:38:35","date_gmt":"2025-02-11T22:38:35","guid":{"rendered":"https:\/\/pasaenmendoza.com\/?p=11523"},"modified":"2025-02-11T23:38:36","modified_gmt":"2025-02-11T22:38:36","slug":"fecovita-instalo-por-segunda-vez-un-stand-en-la-feria-wine-paris-lejos-del-conflicto-con-iberte","status":"publish","type":"post","link":"https:\/\/pasaenmendoza.com\/?p=11523","title":{"rendered":"Fecovita instal\u00f3 por segunda vez un stand en la feria Wine Paris, lejos del conflicto con Iberte"},"content":{"rendered":"\n<p>La edici\u00f3n 2025 de\u00a0<strong>Wine Paris<\/strong>, la prestigiosa feria de vinos que se realiza en Francia, cuenta con mucha presencia mendocina. Hasta all\u00ed lleg\u00f3\u00a0<strong>Fecovita\u00a0<\/strong>(Federaci\u00f3n de Cooperativas Vitivin\u00edcolas Argentinas) a ofrecer sus productos.<\/p>\n\n\n\n<p>&#8220;Comenz\u00f3 Wine Paris y el\u00a0<strong>Grupo Fecovita\u00a0<\/strong>est\u00e1 presente&#8221;, se\u00f1alaron desde la entidad que agrupa a bodegas mendocinas, que de este modo sac\u00f3 del foco -al menos por ahora-\u00a0el conflicto judicial que sostiene con la empresa Iberte.<\/p>\n\n\n\n<p>Destac\u00f3\u00a0<strong>Fecovita<\/strong>\u00a0que est\u00e1 en Francia &#8220;con el objetivo de seguir creciendo en los mercados internacionales&#8221;. Por ello el grupo cooperativo desembarc\u00f3 en la capital francesa para ofrecer toda su cartera de productos.<\/p>\n\n\n\n<h2 class=\"wp-block-heading\">Fecovita en la feria Wine Paris<\/h2>\n\n\n\n<p>&#8220;La feria de vinos Wine Paris lleg\u00f3 para quedarse en la agenda mundial de&nbsp;<strong>ferias de vinos<\/strong>&#8220;, es la consigna de los organizadores.<\/p>\n\n\n\n<p>Hasta el mi\u00e9rcoles 12 de febrero las principales bodegas argentinas y del resto del mundo est\u00e1n en la exposici\u00f3n para conectar potenciales compradores y vendedores de la&nbsp;<strong>industria vitivin\u00edcola<\/strong>.<\/p>\n\n\n\n<p>El&nbsp;<strong>Grupo Fecovita<\/strong>&nbsp;est\u00e1 presente en la feria con stand propio, con una comitiva compuesta por su gerente general Juan \u00c1ngel Rodr\u00edguez, el subgerente general de operaci\u00f3n, Pablo Gonz\u00e1lez y el equipo de comercio exterior liderado por Andr\u00e9s Salom\u00f3n.<\/p>\n\n\n\n<p>El gerente general se expres\u00f3 sobre la decisi\u00f3n de participar de estos eventos: \u201cEsta es nuestra segunda participaci\u00f3n en&nbsp;<strong>Wine Paris<\/strong>&nbsp;y es un orgullo que se sigan sumando otras bodegas porque ayudan a posicionar al&nbsp;<strong>vino<\/strong>&nbsp;argentino en el mundo y nos potenciamos para poder traducirlo en ventas\u201d.<\/p>\n\n\n\n<p>El stand de\u00a0<strong>Fecovita\u00a0<\/strong>fue visitado por el gobernador\u00a0<strong>Alfredo Cornejo.\u00a0<\/strong>Respecto a la presencia del mandatario en la feria, Rodr\u00edguez dijo que \u201cla vitivinicultura es la industria que m\u00e1s trabajo da en la provincia de\u00a0<strong>Mendoza<\/strong>. Por eso me parece muy positiva la visita de Cornejo, recorriendo y mostrando su apoyo por los stands\u201d.<\/p>\n\n\n\n<p><strong>Fuente: www.diariouno.com.ar<\/strong><\/p>\n","protected":false},"excerpt":{"rendered":"<p>La edici\u00f3n 2025 de\u00a0Wine Paris, la prestigiosa feria de vinos que se realiza en Francia, cuenta con mucha presencia mendocina. Hasta all\u00ed lleg\u00f3\u00a0Fecovita\u00a0(Federaci\u00f3n de Cooperativas Vitivin\u00edcolas Argentinas) a ofrecer sus productos. &#8220;Comenz\u00f3 Wine Paris y el\u00a0Grupo Fecovita\u00a0est\u00e1 presente&#8221;, se\u00f1alaron desde la entidad que agrupa a bodegas mendocinas, que de este modo sac\u00f3 del foco -al [&hellip;]<\/p>\n","protected":false},"author":2,"featured_media":11524,"comment_status":"open","ping_status":"open","sticky":false,"template":"","format":"standard","meta":[],"categories":[75],"tags":[],"_links":{"self":[{"href":"https:\/\/pasaenmendoza.com\/index.php?rest_route=\/wp\/v2\/posts\/11523"}],"collection":[{"href":"https:\/\/pasaenmendoza.com\/index.php?rest_route=\/wp\/v2\/posts"}],"about":[{"href":"https:\/\/pasaenmendoza.com\/index.php?rest_route=\/wp\/v2\/types\/post"}],"author":[{"embeddable":true,"href":"https:\/\/pasaenmendoza.com\/index.php?rest_route=\/wp\/v2\/users\/2"}],"replies":[{"embeddable":true,"href":"https:\/\/pasaenmendoza.com\/index.php?rest_route=%2Fwp%2Fv2%2Fcomments&post=11523"}],"version-history":[{"count":1,"href":"https:\/\/pasaenmendoza.com\/index.php?rest_route=\/wp\/v2\/posts\/11523\/revisions"}],"predecessor-version":[{"id":11525,"href":"https:\/\/pasaenmendoza.com\/index.php?rest_route=\/wp\/v2\/posts\/11523\/revisions\/11525"}],"wp:featuredmedia":[{"embeddable":true,"href":"https:\/\/pasaenmendoza.com\/index.php?rest_route=\/wp\/v2\/media\/11524"}],"wp:attachment":[{"href":"https:\/\/pasaenmendoza.com\/index.php?rest_route=%2Fwp%2Fv2%2Fmedia&parent=11523"}],"wp:term":[{"taxonomy":"category","embeddable":true,"href":"https:\/\/pasaenmendoza.com\/index.php?rest_route=%2Fwp%2Fv2%2Fcategories&post=11523"},{"taxonomy":"post_tag","embeddable":true,"href":"https:\/\/pasaenmendoza.com\/index.php?rest_route=%2Fwp%2Fv2%2Ftags&post=11523"}],"curies":[{"name":"wp","href":"https:\/\/api.w.org\/{rel}","templated":true}]}}