{"id":11529,"date":"2025-02-11T23:53:39","date_gmt":"2025-02-11T22:53:39","guid":{"rendered":"https:\/\/pasaenmendoza.com\/?p=11529"},"modified":"2025-02-11T23:53:40","modified_gmt":"2025-02-11T22:53:40","slug":"ate-estatales-de-la-administracion-central-tampoco-aceptaron-el-primer-aumento-que-ofrecio-gobierno","status":"publish","type":"post","link":"https:\/\/pasaenmendoza.com\/?p=11529","title":{"rendered":"ATE: estatales de la Administraci\u00f3n Central tampoco aceptaron el primer aumento que ofreci\u00f3 Gobierno"},"content":{"rendered":"\n<p>La Asociaci\u00f3n Trabajadores del Estado (<strong>ATE<\/strong>) no acept\u00f3 este martes la oferta de aumento salarial del a\u00f1o, propuesta por el Gobierno de Mendoza a los trabajadores de la Administraci\u00f3n Central (r\u00e9gimen 5).<\/p>\n\n\n\n<p>La oferta recibida en paritarias este martes fue la misma presentada a otros gremios como\u00a0<strong>SUTE\u00a0y\u00a0AMPROS<\/strong>: un aumento del 5% al b\u00e1sico en marzo y otro del 4% en junio, ambos en relaci\u00f3n a la base de diciembre del 2024.<\/p>\n\n\n\n<p><strong>ATE<\/strong>\u00a0pidi\u00f3 una mejora y pasaron a cuarto intermedio para el 19 de febrero. Lo mismo sucedi\u00f3 con UPCN.<\/p>\n\n\n\n<h2 class=\"wp-block-heading\">La oferta salarial del Gobierno a ATE<\/h2>\n\n\n\n<p>La directora de Pol\u00edtica Salarial, Mariana Lima, asegur\u00f3 tras la reuni\u00f3n&nbsp;<strong>paritaria<\/strong>: \u201cNos hemos reunido con los gremios ATE y UPCN. Hemos acercado una propuesta para el primer semestre de este a\u00f1o, que es un incremento del 5% para el mes de marzo y 4% para el mes de junio. Hemos recepcionado planteos y hemos quedado en un acuerdo intermedio para la semana que viene\u201d.<\/p>\n\n\n\n<h2 class=\"wp-block-heading\">C\u00f3mo siguen las paritarias<\/h2>\n\n\n\n<p>La agenda continua este mi\u00e9rcoles, tambi\u00e9n con\u00a0<strong>ATE<\/strong>\u00a0pero en representaci\u00f3n del r\u00e9gimen 15 de Salud, licenciados en enfermer\u00eda, r\u00e9gimen 35 y guardaparques.<\/p>\n\n\n\n<p><strong>Fuente: www.diariouno.com.ar<\/strong><\/p>\n","protected":false},"excerpt":{"rendered":"<p>La Asociaci\u00f3n Trabajadores del Estado (ATE) no acept\u00f3 este martes la oferta de aumento salarial del a\u00f1o, propuesta por el Gobierno de Mendoza a los trabajadores de la Administraci\u00f3n Central (r\u00e9gimen 5). La oferta recibida en paritarias este martes fue la misma presentada a otros gremios como\u00a0SUTE\u00a0y\u00a0AMPROS: un aumento del 5% al b\u00e1sico en marzo [&hellip;]<\/p>\n","protected":false},"author":2,"featured_media":11530,"comment_status":"open","ping_status":"open","sticky":false,"template":"","format":"standard","meta":[],"categories":[55],"tags":[],"_links":{"self":[{"href":"https:\/\/pasaenmendoza.com\/index.php?rest_route=\/wp\/v2\/posts\/11529"}],"collection":[{"href":"https:\/\/pasaenmendoza.com\/index.php?rest_route=\/wp\/v2\/posts"}],"about":[{"href":"https:\/\/pasaenmendoza.com\/index.php?rest_route=\/wp\/v2\/types\/post"}],"author":[{"embeddable":true,"href":"https:\/\/pasaenmendoza.com\/index.php?rest_route=\/wp\/v2\/users\/2"}],"replies":[{"embeddable":true,"href":"https:\/\/pasaenmendoza.com\/index.php?rest_route=%2Fwp%2Fv2%2Fcomments&post=11529"}],"version-history":[{"count":1,"href":"https:\/\/pasaenmendoza.com\/index.php?rest_route=\/wp\/v2\/posts\/11529\/revisions"}],"predecessor-version":[{"id":11531,"href":"https:\/\/pasaenmendoza.com\/index.php?rest_route=\/wp\/v2\/posts\/11529\/revisions\/11531"}],"wp:featuredmedia":[{"embeddable":true,"href":"https:\/\/pasaenmendoza.com\/index.php?rest_route=\/wp\/v2\/media\/11530"}],"wp:attachment":[{"href":"https:\/\/pasaenmendoza.com\/index.php?rest_route=%2Fwp%2Fv2%2Fmedia&parent=11529"}],"wp:term":[{"taxonomy":"category","embeddable":true,"href":"https:\/\/pasaenmendoza.com\/index.php?rest_route=%2Fwp%2Fv2%2Fcategories&post=11529"},{"taxonomy":"post_tag","embeddable":true,"href":"https:\/\/pasaenmendoza.com\/index.php?rest_route=%2Fwp%2Fv2%2Ftags&post=11529"}],"curies":[{"name":"wp","href":"https:\/\/api.w.org\/{rel}","templated":true}]}}