{"id":11532,"date":"2025-02-12T15:16:16","date_gmt":"2025-02-12T14:16:16","guid":{"rendered":"https:\/\/pasaenmendoza.com\/?p=11532"},"modified":"2025-02-12T15:16:17","modified_gmt":"2025-02-12T14:16:17","slug":"chau-al-calor-agobiante-de-cuanto-sera-la-maxima-y-como-estara-el-tiempo-en-mendoza","status":"publish","type":"post","link":"https:\/\/pasaenmendoza.com\/?p=11532","title":{"rendered":"Chau al calor agobiante: de cu\u00e1nto ser\u00e1 la m\u00e1xima y c\u00f3mo estar\u00e1 el tiempo en Mendoza"},"content":{"rendered":"\n<p>Tras varios d\u00edas de una&nbsp;<strong>ola de calor<\/strong>&nbsp;intensa que se vivi\u00f3 en la provincia de Mendoza, este martes lleg\u00f3 el respiro y el mi\u00e9rcoles seguir\u00e1 en la misma medida.<\/p>\n\n\n\n<p>Se aguarda por un d\u00eda&nbsp;<strong>nublado&nbsp;<\/strong>con poco cambio de la temperatura, con m\u00e1ximas que ir\u00e1n hasta los 31 grados y con una m\u00ednima de 19\u00b0C. Seg\u00fan indic\u00f3 el<strong>&nbsp;Servicio Meteorol\u00f3gico Nacional&nbsp;<\/strong>no rigen alertas ni por temperaturas extremas ni por otros fen\u00f3menos climatol\u00f3gicos.<\/p>\n\n\n\n<p>Para los pr\u00f3ximos d\u00edas se espera:&nbsp;<strong>aumento&nbsp;<\/strong>de la&nbsp;<strong>temperatura&nbsp;<\/strong>para este jueves, con m\u00e1ximas llegando a los 35\u00b0C y un panorama similar para el viernes, con el condimento de que podr\u00eda haber tormentas hacia la noche de ese 14 de febrero.<\/p>\n\n\n\n<p>Las lluvias podr\u00edan calmar esas m\u00e1ximas temperaturas y hacer que las mismas bajen para el s\u00e1bado y domingo.<\/p>\n\n\n\n<p><strong>Fuente: www.elsol.com.ar<\/strong><\/p>\n","protected":false},"excerpt":{"rendered":"<p>Tras varios d\u00edas de una&nbsp;ola de calor&nbsp;intensa que se vivi\u00f3 en la provincia de Mendoza, este martes lleg\u00f3 el respiro y el mi\u00e9rcoles seguir\u00e1 en la misma medida. Se aguarda por un d\u00eda&nbsp;nublado&nbsp;con poco cambio de la temperatura, con m\u00e1ximas que ir\u00e1n hasta los 31 grados y con una m\u00ednima de 19\u00b0C. Seg\u00fan indic\u00f3 el&nbsp;Servicio [&hellip;]<\/p>\n","protected":false},"author":2,"featured_media":11533,"comment_status":"open","ping_status":"open","sticky":false,"template":"","format":"standard","meta":[],"categories":[52],"tags":[],"_links":{"self":[{"href":"https:\/\/pasaenmendoza.com\/index.php?rest_route=\/wp\/v2\/posts\/11532"}],"collection":[{"href":"https:\/\/pasaenmendoza.com\/index.php?rest_route=\/wp\/v2\/posts"}],"about":[{"href":"https:\/\/pasaenmendoza.com\/index.php?rest_route=\/wp\/v2\/types\/post"}],"author":[{"embeddable":true,"href":"https:\/\/pasaenmendoza.com\/index.php?rest_route=\/wp\/v2\/users\/2"}],"replies":[{"embeddable":true,"href":"https:\/\/pasaenmendoza.com\/index.php?rest_route=%2Fwp%2Fv2%2Fcomments&post=11532"}],"version-history":[{"count":1,"href":"https:\/\/pasaenmendoza.com\/index.php?rest_route=\/wp\/v2\/posts\/11532\/revisions"}],"predecessor-version":[{"id":11534,"href":"https:\/\/pasaenmendoza.com\/index.php?rest_route=\/wp\/v2\/posts\/11532\/revisions\/11534"}],"wp:featuredmedia":[{"embeddable":true,"href":"https:\/\/pasaenmendoza.com\/index.php?rest_route=\/wp\/v2\/media\/11533"}],"wp:attachment":[{"href":"https:\/\/pasaenmendoza.com\/index.php?rest_route=%2Fwp%2Fv2%2Fmedia&parent=11532"}],"wp:term":[{"taxonomy":"category","embeddable":true,"href":"https:\/\/pasaenmendoza.com\/index.php?rest_route=%2Fwp%2Fv2%2Fcategories&post=11532"},{"taxonomy":"post_tag","embeddable":true,"href":"https:\/\/pasaenmendoza.com\/index.php?rest_route=%2Fwp%2Fv2%2Ftags&post=11532"}],"curies":[{"name":"wp","href":"https:\/\/api.w.org\/{rel}","templated":true}]}}