{"id":11535,"date":"2025-02-12T15:23:47","date_gmt":"2025-02-12T14:23:47","guid":{"rendered":"https:\/\/pasaenmendoza.com\/?p=11535"},"modified":"2025-02-12T15:23:48","modified_gmt":"2025-02-12T14:23:48","slug":"hallaron-a-una-mujer-asesinada-en-un-descampado-de-las-heras","status":"publish","type":"post","link":"https:\/\/pasaenmendoza.com\/?p=11535","title":{"rendered":"Hallaron a una mujer asesinada en un descampado de Las Heras"},"content":{"rendered":"\n<p>Durante la ma\u00f1ana de este mi\u00e9rcoles encontraron el&nbsp;<strong>cad\u00e1ver quemado&nbsp;<\/strong>de una mujer en un descampado ubicado en la calle&nbsp;<strong>Eva Duarte y Cabo Carlos Misa<\/strong>&nbsp;del departamento de Las Heras.&nbsp;<strong>Se investiga un femicidio.<\/strong><\/p>\n\n\n\n<p>La fiscal de Homicidios,&nbsp;<strong>Claudia Alejandra R\u00edos,<\/strong>&nbsp;tom\u00f3 el caso por encontrarse de turno y r\u00e1pidamente fue quien activo el protocolo de femicidio para llevar adelante la investigaci\u00f3n.<\/p>\n\n\n\n<p>Adem\u00e1s, se est\u00e1 intentando establecer cu\u00e1les fueron los \u00faltimos paraderos de la zona y tambi\u00e9n la\u00a0<strong>identidad de la v\u00edctima.<\/strong>\u00a0Por lo que describieron las fuentes consultadas por este diario, ser\u00e1 necesario realizar un estudio de ADN para confirmar los datos de la v\u00edctima.<\/p>\n\n\n\n<p>En el lugar comenz\u00f3 a trabajar la Polic\u00eda Cient\u00edfica y la Justicia para determinar las\u00a0<strong>causas del hecho.<\/strong><\/p>\n\n\n\n<p><strong>Fuente: www.elsol.com.ar<\/strong><\/p>\n","protected":false},"excerpt":{"rendered":"<p>Durante la ma\u00f1ana de este mi\u00e9rcoles encontraron el&nbsp;cad\u00e1ver quemado&nbsp;de una mujer en un descampado ubicado en la calle&nbsp;Eva Duarte y Cabo Carlos Misa&nbsp;del departamento de Las Heras.&nbsp;Se investiga un femicidio. La fiscal de Homicidios,&nbsp;Claudia Alejandra R\u00edos,&nbsp;tom\u00f3 el caso por encontrarse de turno y r\u00e1pidamente fue quien activo el protocolo de femicidio para llevar adelante la [&hellip;]<\/p>\n","protected":false},"author":2,"featured_media":11536,"comment_status":"open","ping_status":"open","sticky":false,"template":"","format":"standard","meta":[],"categories":[48],"tags":[],"_links":{"self":[{"href":"https:\/\/pasaenmendoza.com\/index.php?rest_route=\/wp\/v2\/posts\/11535"}],"collection":[{"href":"https:\/\/pasaenmendoza.com\/index.php?rest_route=\/wp\/v2\/posts"}],"about":[{"href":"https:\/\/pasaenmendoza.com\/index.php?rest_route=\/wp\/v2\/types\/post"}],"author":[{"embeddable":true,"href":"https:\/\/pasaenmendoza.com\/index.php?rest_route=\/wp\/v2\/users\/2"}],"replies":[{"embeddable":true,"href":"https:\/\/pasaenmendoza.com\/index.php?rest_route=%2Fwp%2Fv2%2Fcomments&post=11535"}],"version-history":[{"count":1,"href":"https:\/\/pasaenmendoza.com\/index.php?rest_route=\/wp\/v2\/posts\/11535\/revisions"}],"predecessor-version":[{"id":11537,"href":"https:\/\/pasaenmendoza.com\/index.php?rest_route=\/wp\/v2\/posts\/11535\/revisions\/11537"}],"wp:featuredmedia":[{"embeddable":true,"href":"https:\/\/pasaenmendoza.com\/index.php?rest_route=\/wp\/v2\/media\/11536"}],"wp:attachment":[{"href":"https:\/\/pasaenmendoza.com\/index.php?rest_route=%2Fwp%2Fv2%2Fmedia&parent=11535"}],"wp:term":[{"taxonomy":"category","embeddable":true,"href":"https:\/\/pasaenmendoza.com\/index.php?rest_route=%2Fwp%2Fv2%2Fcategories&post=11535"},{"taxonomy":"post_tag","embeddable":true,"href":"https:\/\/pasaenmendoza.com\/index.php?rest_route=%2Fwp%2Fv2%2Ftags&post=11535"}],"curies":[{"name":"wp","href":"https:\/\/api.w.org\/{rel}","templated":true}]}}