{"id":11541,"date":"2025-02-12T15:33:20","date_gmt":"2025-02-12T14:33:20","guid":{"rendered":"https:\/\/pasaenmendoza.com\/?p=11541"},"modified":"2025-02-12T15:33:20","modified_gmt":"2025-02-12T14:33:20","slug":"un-hombre-se-prendio-fuego-en-el-mercado-cooperativo-de-guaymallen","status":"publish","type":"post","link":"https:\/\/pasaenmendoza.com\/?p=11541","title":{"rendered":"Un hombre se prendi\u00f3 fuego en el Mercado Cooperativo de Guaymall\u00e9n"},"content":{"rendered":"\n<p>Un hombre de 28 a\u00f1os sufri\u00f3&nbsp;<strong>quemaduras en los brazos y el rostro luego de un incendio ocurrido en la Feria de Guaymall\u00e9n<\/strong>, en la intersecci\u00f3n de las calles Sarmiento y Belgrano.&nbsp;<\/p>\n\n\n\n<p>El incidente tuvo lugar alrededor de las 21:15 y la\u00a0<strong>Comisar\u00eda 31\u00b0<\/strong>\u00a0intervino en el caso.<\/p>\n\n\n\n<p>Un&nbsp;<strong>llamado a la l\u00ednea de emergencias<\/strong>&nbsp;alert\u00f3 sobre la presencia de un hombre con quemaduras en un puesto del predio. Al arribar al lugar, personal policial constat\u00f3 que la v\u00edctima, identificada como A. D.,&nbsp;<strong>se encontraba manipulando una garrafa cuando se produjo el fuego<\/strong>, lo que le provoc\u00f3 graves lesiones.<\/p>\n\n\n\n<p>Bomberos trabajaron en el lugar para controlar la situaci\u00f3n, evitando que el incendio se propagara a otros sectores de la feria. Por su parte, m\u00e9dicos del ECI asistieron a la v\u00edctima y le diagnosticaron quemaduras de segundo grado en los brazos y de primer grado en el rostro. Posteriormente, fue trasladado al\u00a0<strong>Hospital Lagomaggiore<\/strong>\u00a0para recibir atenci\u00f3n especializada.<\/p>\n\n\n\n<p><strong>Fuente: www.mendozapost.com<\/strong><\/p>\n","protected":false},"excerpt":{"rendered":"<p>Un hombre de 28 a\u00f1os sufri\u00f3&nbsp;quemaduras en los brazos y el rostro luego de un incendio ocurrido en la Feria de Guaymall\u00e9n, en la intersecci\u00f3n de las calles Sarmiento y Belgrano.&nbsp; El incidente tuvo lugar alrededor de las 21:15 y la\u00a0Comisar\u00eda 31\u00b0\u00a0intervino en el caso. Un&nbsp;llamado a la l\u00ednea de emergencias&nbsp;alert\u00f3 sobre la presencia de [&hellip;]<\/p>\n","protected":false},"author":2,"featured_media":11542,"comment_status":"open","ping_status":"open","sticky":false,"template":"","format":"standard","meta":[],"categories":[48],"tags":[],"_links":{"self":[{"href":"https:\/\/pasaenmendoza.com\/index.php?rest_route=\/wp\/v2\/posts\/11541"}],"collection":[{"href":"https:\/\/pasaenmendoza.com\/index.php?rest_route=\/wp\/v2\/posts"}],"about":[{"href":"https:\/\/pasaenmendoza.com\/index.php?rest_route=\/wp\/v2\/types\/post"}],"author":[{"embeddable":true,"href":"https:\/\/pasaenmendoza.com\/index.php?rest_route=\/wp\/v2\/users\/2"}],"replies":[{"embeddable":true,"href":"https:\/\/pasaenmendoza.com\/index.php?rest_route=%2Fwp%2Fv2%2Fcomments&post=11541"}],"version-history":[{"count":1,"href":"https:\/\/pasaenmendoza.com\/index.php?rest_route=\/wp\/v2\/posts\/11541\/revisions"}],"predecessor-version":[{"id":11543,"href":"https:\/\/pasaenmendoza.com\/index.php?rest_route=\/wp\/v2\/posts\/11541\/revisions\/11543"}],"wp:featuredmedia":[{"embeddable":true,"href":"https:\/\/pasaenmendoza.com\/index.php?rest_route=\/wp\/v2\/media\/11542"}],"wp:attachment":[{"href":"https:\/\/pasaenmendoza.com\/index.php?rest_route=%2Fwp%2Fv2%2Fmedia&parent=11541"}],"wp:term":[{"taxonomy":"category","embeddable":true,"href":"https:\/\/pasaenmendoza.com\/index.php?rest_route=%2Fwp%2Fv2%2Fcategories&post=11541"},{"taxonomy":"post_tag","embeddable":true,"href":"https:\/\/pasaenmendoza.com\/index.php?rest_route=%2Fwp%2Fv2%2Ftags&post=11541"}],"curies":[{"name":"wp","href":"https:\/\/api.w.org\/{rel}","templated":true}]}}