{"id":11550,"date":"2025-02-12T22:47:05","date_gmt":"2025-02-12T21:47:05","guid":{"rendered":"https:\/\/pasaenmendoza.com\/?p=11550"},"modified":"2025-02-12T22:47:06","modified_gmt":"2025-02-12T21:47:06","slug":"fuerte-rechazo-del-colegio-de-corredores-al-posible-dnu-para-la-desregulacion-inmobiliaria","status":"publish","type":"post","link":"https:\/\/pasaenmendoza.com\/?p=11550","title":{"rendered":"Fuerte rechazo del Colegio de Corredores al posible DNU para la desregulaci\u00f3n inmobiliaria"},"content":{"rendered":"\n<p>Luego de que tomara estado p\u00fablico el posible proyecto de\u00a0<strong>desregulaci\u00f3n inmobiliaria<\/strong>\u00a0por parte del gobierno de<strong>\u00a0Javier Milei<\/strong>, el Colegio de Corredores P\u00fablicos Inmobiliarios de\u00a0<strong>Mendoza\u00a0<\/strong>expres\u00f3 su rechazo y ofreci\u00f3, a trav\u00e9s de un comunicado, el porqu\u00e9 de esa postura. Todo esto ante la pol\u00e9mica que ya se desat\u00f3 a nivel nacional.<\/p>\n\n\n\n<p>Para dar contexto, hay que recordar que durante las \u00faltimas horas se instal\u00f3 en medios de comunicaci\u00f3n y redes sociales la posibilidad de que el&nbsp;<strong>Estado&nbsp;<\/strong>quite regulaciones clave en el&nbsp;<strong>mercado inmobiliario<\/strong>. Esta reforma eliminar\u00eda la obligatoriedad de una colegiaci\u00f3n para operar en ese mercado con el objetivo de &#8220;fomentar la competencia y eliminar costos&#8221;.<\/p>\n\n\n\n<p>El borrador de estos cambios de desregulaci\u00f3n de la actividad inmobiliaria provoc\u00f3 inquietud en el Consejo Federal de Colegios Inmobiliarios de la Rep\u00fablica Argentina (COFECI). Es que seg\u00fan trascendi\u00f3, el ministro de Desregulaci\u00f3n y Transformaci\u00f3n del Estado,\u00a0<strong>Federico Sturzenegger<\/strong>, trabaja en en Decreto de Necesidad y Urgencia\u00a0<strong>(DNU<\/strong>) que podr\u00eda ver la luz en breve.<\/p>\n\n\n\n<p>En contrapunto, el Colegio de Corredores fij\u00f3 postura al asegurar que esta posible medida &#8220;permitir\u00eda que personas puedan ejercer el corretaje sin poseer t\u00edtulo universitario habilitante ni matricula profesional&#8221; y que la entidad &#8220;manifiesta su expreso rechazo&#8221;.<\/p>\n\n\n\n<h2 class=\"wp-block-heading\">El comunicado completo del Colegio de Corredores Inmobiliarios de Mendoza<\/h2>\n\n\n\n<p><em>La regulaci\u00f3n de la actividad inmobiliaria es facultad exclusiva de cada Provincia que no ha sido delegada al Estado Nacional, ello conforme lo dispuesto por el art. 121 y ccs de la Constituci\u00f3n Nacional.<\/em><\/p>\n\n\n\n<p><em>La Ley 7372 que comenz\u00f3 a regir en el a\u00f1o 2005, cre\u00f3 el Colegio de Corredores P\u00fablicos Inmobiliarios de la provincia de Mendoza, entidad que tiene por objetivos principales la de garantizar que quienes ejercen la actividad cuentan con formaci\u00f3n universitaria y la de controlar el ejercicio de la profesi\u00f3n del Corredor ante la sociedad fiscalizando que los Corredores P\u00fablicos Inmobiliarios realicen operaciones con transparencia y \u00e9tica Profesional, logrando de esta forma mayor seguridad a quienes realizan operaciones inmobiliarias.<\/em><\/p>\n\n\n\n<p><em>Este Colegio Profesional desmiente enf\u00e1ticamente que el mercado inmobiliario necesite desregulaci\u00f3n alguna para otorgarle flexibilidad, debido a que existe una amplia libertad siendo as\u00ed que la contrataci\u00f3n de un profesional para la realizaci\u00f3n de una operaci\u00f3n inmobiliaria es optativa. Resaltamos que los cambios pretendidos no benefician a la sociedad, toda vez que, sin control, el mercado inmobiliario quedar\u00eda expuesto a pr\u00e1cticas irregulares e informales y aumentar\u00edan los riesgos de fraude que afectan a la seguridad Jur\u00eddica del sector.<\/em><\/p>\n\n\n\n<p><em>El Colegio de Corredores P\u00fablicos Inmobiliarios de Mendoza resguarda la profesionalizaci\u00f3n de la actividad inmobiliaria, su \u00e9tica y transparencia oponi\u00e9ndose rotundamente a toda medida que, contrariando normas constitucionales expresas, aliente la ilegalidad y desprotecci\u00f3n del patrimonio de la Sociedad Mendocina, espec\u00edficamente al ejercicio de la profesi\u00f3n por personas sin t\u00edtulo universitario habilitante y debidamente matriculadas.<\/em><\/p>\n\n\n\n<p><strong>Fuente: www.diariouno.com.ar<\/strong><\/p>\n\n\n\n<p><a href=\"mailto:?body=https%3A%2F%2Fwww.diariouno.com.ar%2Fsociedad%2Ffuerte-rechazo-del-colegio-corredores-al-posible-dnu-la-desregulacion-inmobiliaria-n1402294&amp;subject=%E2%80%9CFuerte%20rechazo%20del%20Colegio%20de%20Corredores%20al%20posible%20DNU%20para%20la%20desregulaci%C3%B3n%20inmobiliaria%E2%80%9D\"><\/a><\/p>\n","protected":false},"excerpt":{"rendered":"<p>Luego de que tomara estado p\u00fablico el posible proyecto de\u00a0desregulaci\u00f3n inmobiliaria\u00a0por parte del gobierno de\u00a0Javier Milei, el Colegio de Corredores P\u00fablicos Inmobiliarios de\u00a0Mendoza\u00a0expres\u00f3 su rechazo y ofreci\u00f3, a trav\u00e9s de un comunicado, el porqu\u00e9 de esa postura. Todo esto ante la pol\u00e9mica que ya se desat\u00f3 a nivel nacional. Para dar contexto, hay que recordar [&hellip;]<\/p>\n","protected":false},"author":2,"featured_media":11551,"comment_status":"open","ping_status":"open","sticky":false,"template":"","format":"standard","meta":[],"categories":[50],"tags":[],"_links":{"self":[{"href":"https:\/\/pasaenmendoza.com\/index.php?rest_route=\/wp\/v2\/posts\/11550"}],"collection":[{"href":"https:\/\/pasaenmendoza.com\/index.php?rest_route=\/wp\/v2\/posts"}],"about":[{"href":"https:\/\/pasaenmendoza.com\/index.php?rest_route=\/wp\/v2\/types\/post"}],"author":[{"embeddable":true,"href":"https:\/\/pasaenmendoza.com\/index.php?rest_route=\/wp\/v2\/users\/2"}],"replies":[{"embeddable":true,"href":"https:\/\/pasaenmendoza.com\/index.php?rest_route=%2Fwp%2Fv2%2Fcomments&post=11550"}],"version-history":[{"count":1,"href":"https:\/\/pasaenmendoza.com\/index.php?rest_route=\/wp\/v2\/posts\/11550\/revisions"}],"predecessor-version":[{"id":11552,"href":"https:\/\/pasaenmendoza.com\/index.php?rest_route=\/wp\/v2\/posts\/11550\/revisions\/11552"}],"wp:featuredmedia":[{"embeddable":true,"href":"https:\/\/pasaenmendoza.com\/index.php?rest_route=\/wp\/v2\/media\/11551"}],"wp:attachment":[{"href":"https:\/\/pasaenmendoza.com\/index.php?rest_route=%2Fwp%2Fv2%2Fmedia&parent=11550"}],"wp:term":[{"taxonomy":"category","embeddable":true,"href":"https:\/\/pasaenmendoza.com\/index.php?rest_route=%2Fwp%2Fv2%2Fcategories&post=11550"},{"taxonomy":"post_tag","embeddable":true,"href":"https:\/\/pasaenmendoza.com\/index.php?rest_route=%2Fwp%2Fv2%2Ftags&post=11550"}],"curies":[{"name":"wp","href":"https:\/\/api.w.org\/{rel}","templated":true}]}}