{"id":11553,"date":"2025-02-12T22:55:41","date_gmt":"2025-02-12T21:55:41","guid":{"rendered":"https:\/\/pasaenmendoza.com\/?p=11553"},"modified":"2025-02-12T22:55:42","modified_gmt":"2025-02-12T21:55:42","slug":"mas-de-3-000-docentes-rindieron-el-examen-para-el-concurso-de-jerarquia-directiva-2025","status":"publish","type":"post","link":"https:\/\/pasaenmendoza.com\/?p=11553","title":{"rendered":"M\u00e1s de 3.000 docentes rindieron el examen para el Concurso de Jerarqu\u00eda Directiva 2025"},"content":{"rendered":"\n<p><strong>Con m\u00e1s de 3.000 aspirantes, este mi\u00e9rcoles comenz\u00f3 el\u00a0Concurso de Jerarqu\u00eda Directiva 2025, que otorgar\u00e1 los cargos que conducir\u00e1n las instituciones educativas de todos los niveles y modalidades durante el ciclo lectivo 2026<\/strong>. Esta primera instancia se realiz\u00f3, sin imprevistos y de acuerdo a los tiempos calculados, en dos zonas: Norte, que reuni\u00f3 a los aspirantes de todo el Gran Mendoza, los departamentos Este, del Valle de Uco y Lavalle; y Sur, para\u00a0<strong>educadores<\/strong>\u00a0de San Rafael, General Alvear y Malarg\u00fce.<\/p>\n\n\n\n<p>El\u00a0examen\u00a0en zona Norte se llev\u00f3 a cabo en el predio de la Universidad Nacional de Cuyo, m\u00e1s precisamente en las facultades de Ciencias Pol\u00edticas y Sociales, Filosof\u00eda y Letras, Educaci\u00f3n y Ciencias Econ\u00f3micas, y en las aulas BACT. En el sur se desarroll\u00f3 en las escuelas 9-003 Mercedes Tomasa de San Mart\u00edn de Balcarce y 4-087 Manuel Ignacio Molina, ambas de San Rafael.<\/p>\n\n\n\n<p>La jornada en zona Norte cont\u00f3 con la presencia de la subsecretaria de Educaci\u00f3n, Claudia Ferrari; la jefa de Gabinete del Ministerio de Educaci\u00f3n, Cultura, Infancias y\u00a0DGE, Daniela Garc\u00eda; todos los directores de l\u00ednea de los distintos niveles y modalidades; inspectores; supervisores y otros agentes del gobierno escolar. Mientras que en San Rafael, asistieron al acto de inicio el director de Educaci\u00f3n Secundaria, Emilio Moreno; la directora de Educaci\u00f3n Especial, Mar\u00eda de los \u00c1ngeles Zavaroni.<\/p>\n\n\n\n<p>Cabe recordar que para concursar las 1.150 vacantes disponibles, se hab\u00eda inscripto un total de 4.350 personas, de las cuales asistieron al examen cerca de un 70%.<\/p>\n\n\n\n<p>La modalidad del examen fue escrita y presencial. Primero se realiz\u00f3 la acreditaci\u00f3n, posteriormente se sortearon los casos que entraron en el examen, se informaron los casos elegidos y los postulantes comenzaron a rendir en base a la resoluci\u00f3n de dichos casos. Los aspirantes a los cargos directivos tuvieron cuatro horas para desarrollar sus trabajos.<\/p>\n\n\n\n<p>Respecto a la actividad, Ferrari declar\u00f3: \u201cTras relevar la experiencia de los directores que han rendido concursos anteriores, encontramos que ese tipo de evaluaci\u00f3n no era la m\u00e1s apropiada para formarse como director, as\u00ed que decidimos implementar algunos cambios en el examen\u201d.<\/p>\n\n\n\n<p>La funcionaria explic\u00f3 que se elaboraron diez casos que fueron publicados en el portal. Los postulantes tuvieron un mes y medio para trabajar sobre esos casos, identificar las problem\u00e1ticas; en base a la bibliograf\u00eda, justificar c\u00f3mo podr\u00eda resolverse y elaborar una propuesta de soluci\u00f3n de acuerdo a los lineamientos de la propuesta pedag\u00f3gica.<\/p>\n\n\n\n<p>Cabe destacar que esta primera instancia es excluyente: las personas que desaprueban no podr\u00e1n continuar el proceso del certamen. El jurado ha sido conformado por representantes del gobierno escolar, del sindicato y otros elegidos de manera directa por los concursantes. Una vez que el jurado termine la correcci\u00f3n har\u00e1 una devoluci\u00f3n personal para los participantes desaprobados. El proceso continuar\u00e1 con las personas aprobadas el 27 de julio, en el segundo examen, tras haber cumplido con el proceso de pasant\u00edas obligatorio.<\/p>\n\n\n\n<p><strong>Actividad en Zona Sur<\/strong><\/p>\n\n\n\n<p>En San Rafael, la actividad se dividi\u00f3 en las dos escuelas previamente mencionadas. En la escuela 4-087 rindieron los niveles Inicial, Especial y Primario; mientras que en la escuela 9-003 lo hicieron los niveles Secundario, CCT y J\u00f3venes y adultos.<\/p>\n\n\n\n<p>El titular de Educaci\u00f3n Secundaria, Emilio Moreno, quien estuvo presente en la actividad que congreg\u00f3 a los concursantes de San Rafael, General Alvear y Malarg\u00fce, manifest\u00f3: \u201cEste examen es an\u00f3nimo, por lo que hay que llevar a cabo un protocolo que preserve la identidad de los participantes. Los resultados de fueron trasladados a Mendoza, y a partir de la semana que viene empezar\u00e1 a trabajar el jurado. Recordemos que hay un jurado por cada nivel o modalidad y, de acuerdo al ritmo de correcci\u00f3n del jurado, estaremos en condiciones de informar en qu\u00e9 momento podr\u00edamos terminar esta etapa. Se estima que en dos meses, aproximadamente, tendremos los resultados de esta primera etapa\u201d.<\/p>\n\n\n\n<p><strong>Agradecimiento a la Universidad Nacional de Cuyo<\/strong><\/p>\n\n\n\n<p>Las autoridades de la Direcci\u00f3n General de Escuelas visitaron el Rectorado de la Universidad Nacional de Cuyo (UNCuyo), donde fueron recibidos por el vicerrector de la casa de altos estudios, Gabriel Fidel; la secretaria general, Estefan\u00eda Villarruel, y el secretario acad\u00e9mico, Julio Aguirre. En el encuentro, las referentes del gobierno escolar agradecieron la ayuda y colaboraci\u00f3n de la UNCuyo por las distintas unidades acad\u00e9micas que posibilitaron el multitudinario evento.<\/p>\n\n\n\n<p><strong>Fuente: www.diariomendoza.com.ar<\/strong><\/p>\n","protected":false},"excerpt":{"rendered":"<p>Con m\u00e1s de 3.000 aspirantes, este mi\u00e9rcoles comenz\u00f3 el\u00a0Concurso de Jerarqu\u00eda Directiva 2025, que otorgar\u00e1 los cargos que conducir\u00e1n las instituciones educativas de todos los niveles y modalidades durante el ciclo lectivo 2026. Esta primera instancia se realiz\u00f3, sin imprevistos y de acuerdo a los tiempos calculados, en dos zonas: Norte, que reuni\u00f3 a los [&hellip;]<\/p>\n","protected":false},"author":2,"featured_media":11554,"comment_status":"open","ping_status":"open","sticky":false,"template":"","format":"standard","meta":[],"categories":[56],"tags":[],"_links":{"self":[{"href":"https:\/\/pasaenmendoza.com\/index.php?rest_route=\/wp\/v2\/posts\/11553"}],"collection":[{"href":"https:\/\/pasaenmendoza.com\/index.php?rest_route=\/wp\/v2\/posts"}],"about":[{"href":"https:\/\/pasaenmendoza.com\/index.php?rest_route=\/wp\/v2\/types\/post"}],"author":[{"embeddable":true,"href":"https:\/\/pasaenmendoza.com\/index.php?rest_route=\/wp\/v2\/users\/2"}],"replies":[{"embeddable":true,"href":"https:\/\/pasaenmendoza.com\/index.php?rest_route=%2Fwp%2Fv2%2Fcomments&post=11553"}],"version-history":[{"count":1,"href":"https:\/\/pasaenmendoza.com\/index.php?rest_route=\/wp\/v2\/posts\/11553\/revisions"}],"predecessor-version":[{"id":11555,"href":"https:\/\/pasaenmendoza.com\/index.php?rest_route=\/wp\/v2\/posts\/11553\/revisions\/11555"}],"wp:featuredmedia":[{"embeddable":true,"href":"https:\/\/pasaenmendoza.com\/index.php?rest_route=\/wp\/v2\/media\/11554"}],"wp:attachment":[{"href":"https:\/\/pasaenmendoza.com\/index.php?rest_route=%2Fwp%2Fv2%2Fmedia&parent=11553"}],"wp:term":[{"taxonomy":"category","embeddable":true,"href":"https:\/\/pasaenmendoza.com\/index.php?rest_route=%2Fwp%2Fv2%2Fcategories&post=11553"},{"taxonomy":"post_tag","embeddable":true,"href":"https:\/\/pasaenmendoza.com\/index.php?rest_route=%2Fwp%2Fv2%2Ftags&post=11553"}],"curies":[{"name":"wp","href":"https:\/\/api.w.org\/{rel}","templated":true}]}}