{"id":11556,"date":"2025-02-13T13:27:18","date_gmt":"2025-02-13T12:27:18","guid":{"rendered":"https:\/\/pasaenmendoza.com\/?p=11556"},"modified":"2025-02-13T13:27:18","modified_gmt":"2025-02-13T12:27:18","slug":"aumenta-la-temperatura-y-hay-alerta-por-tormentas-en-mendoza-a-que-zonas-afectara","status":"publish","type":"post","link":"https:\/\/pasaenmendoza.com\/?p=11556","title":{"rendered":"Aumenta la temperatura y hay alerta por tormentas en Mendoza: a qu\u00e9 zonas afectar\u00e1"},"content":{"rendered":"\n<p>La jornada arranc\u00f3 muy agradable y con vientos que hicieron sentir a los mendocinos el primer fresco de la ma\u00f1ana. Sin embargo, durante el d\u00eda la temperatura ir\u00e1 en aumento y se espera&nbsp;<strong>inestabilidad&nbsp;<\/strong>hacia la noche.<\/p>\n\n\n\n<p>Ser\u00e1 un jueves&nbsp;<strong>caluroso&nbsp;<\/strong>con poca nubosidad durante las primeras horas del d\u00eda, con una m\u00ednima de 19\u00b0C y una m\u00e1xima de 33\u00b0C seg\u00fan indica el pron\u00f3stico.<\/p>\n\n\n\n<p>A su vez, el&nbsp;<strong>SMN&nbsp;<\/strong>emiti\u00f3 un alerta por&nbsp;<strong>tormentas&nbsp;<\/strong>en distintas zonas de la provincia que llegar\u00e1n hacia la tarde y la noche.<\/p>\n\n\n\n<p>Las zonas afectadas son: el\u00a0este de\u00a0<strong>Las Heras\u00a0<\/strong>\u2013 La Paz \u2013 Lavalle \u2013 San Mart\u00edn \u2013 Santa Rosa. Tambi\u00e9n\u00a0<strong>General Alvea<\/strong>r y la zona baja de San Rafael.<\/p>\n\n\n\n<p>La inestabilidad por las\u00a0<strong>fuertes lluvias<\/strong>, seg\u00fan el\u00a0<strong>SMN\u00a0<\/strong>continuar\u00e1 el d\u00eda viernes 14 de febrero hacia la tarde y la noche.<\/p>\n\n\n\n<p><strong>Fuente: www.elsol.com.ar<\/strong><\/p>\n","protected":false},"excerpt":{"rendered":"<p>La jornada arranc\u00f3 muy agradable y con vientos que hicieron sentir a los mendocinos el primer fresco de la ma\u00f1ana. Sin embargo, durante el d\u00eda la temperatura ir\u00e1 en aumento y se espera&nbsp;inestabilidad&nbsp;hacia la noche. Ser\u00e1 un jueves&nbsp;caluroso&nbsp;con poca nubosidad durante las primeras horas del d\u00eda, con una m\u00ednima de 19\u00b0C y una m\u00e1xima de [&hellip;]<\/p>\n","protected":false},"author":2,"featured_media":11557,"comment_status":"open","ping_status":"open","sticky":false,"template":"","format":"standard","meta":[],"categories":[52],"tags":[],"_links":{"self":[{"href":"https:\/\/pasaenmendoza.com\/index.php?rest_route=\/wp\/v2\/posts\/11556"}],"collection":[{"href":"https:\/\/pasaenmendoza.com\/index.php?rest_route=\/wp\/v2\/posts"}],"about":[{"href":"https:\/\/pasaenmendoza.com\/index.php?rest_route=\/wp\/v2\/types\/post"}],"author":[{"embeddable":true,"href":"https:\/\/pasaenmendoza.com\/index.php?rest_route=\/wp\/v2\/users\/2"}],"replies":[{"embeddable":true,"href":"https:\/\/pasaenmendoza.com\/index.php?rest_route=%2Fwp%2Fv2%2Fcomments&post=11556"}],"version-history":[{"count":1,"href":"https:\/\/pasaenmendoza.com\/index.php?rest_route=\/wp\/v2\/posts\/11556\/revisions"}],"predecessor-version":[{"id":11558,"href":"https:\/\/pasaenmendoza.com\/index.php?rest_route=\/wp\/v2\/posts\/11556\/revisions\/11558"}],"wp:featuredmedia":[{"embeddable":true,"href":"https:\/\/pasaenmendoza.com\/index.php?rest_route=\/wp\/v2\/media\/11557"}],"wp:attachment":[{"href":"https:\/\/pasaenmendoza.com\/index.php?rest_route=%2Fwp%2Fv2%2Fmedia&parent=11556"}],"wp:term":[{"taxonomy":"category","embeddable":true,"href":"https:\/\/pasaenmendoza.com\/index.php?rest_route=%2Fwp%2Fv2%2Fcategories&post=11556"},{"taxonomy":"post_tag","embeddable":true,"href":"https:\/\/pasaenmendoza.com\/index.php?rest_route=%2Fwp%2Fv2%2Ftags&post=11556"}],"curies":[{"name":"wp","href":"https:\/\/api.w.org\/{rel}","templated":true}]}}