{"id":1157,"date":"2023-09-04T13:55:19","date_gmt":"2023-09-04T11:55:19","guid":{"rendered":"https:\/\/pasaenmendoza.com\/?p=1157"},"modified":"2023-09-04T13:55:20","modified_gmt":"2023-09-04T11:55:20","slug":"mas-alla-de-los-votos-por-que-felix-y-stevanato-fueron-los-ganadores","status":"publish","type":"post","link":"https:\/\/pasaenmendoza.com\/?p=1157","title":{"rendered":"M\u00e1s all\u00e1 de los votos: por qu\u00e9 F\u00e9lix y Stevanato fueron los ganadores"},"content":{"rendered":"\n<p>Termin\u00f3 el experimento peronista con resultado positivo para quien lo pens\u00f3 y lo impuls\u00f3 para sostener los territorios en manos del PJ. Tambi\u00e9n result\u00f3 airoso el \u00fanico intendente peronista del Gran Mendoza. La estrategia de\u00a0<strong>Emir F\u00e9lix\u00a0<\/strong>se materializ\u00f3 y logr\u00f3 que los tres intendentes, es decir: \u00e9l mismo junto a\u00a0<strong>Mart\u00edn Aveiro<\/strong>\u00a0y\u00a0<strong>Roberto Righi<\/strong>\u00a0que no pod\u00edan ser reelectos lograran la continuidad de las conducciones peronistas en\u00a0<a rel=\"noreferrer noopener\" href=\"https:\/\/www.mendozapost.com\/politica\/elecciones-san-rafael-mendoza-2023\/\" target=\"_blank\">San Rafael<\/a>,\u00a0<a rel=\"noreferrer noopener\" href=\"https:\/\/www.mendozapost.com\/politica\/elecciones-tunuyan-mendoza-2023\/\" target=\"_blank\">Tunuy\u00e1n<\/a>\u00a0y\u00a0<a rel=\"noreferrer noopener\" href=\"https:\/\/www.mendozapost.com\/politica\/elecciones-lavalle-mendoza-2023\/\" target=\"_blank\">Lavalle<\/a>\u00a0respectivamente.<\/p>\n\n\n\n<p>Termin\u00f3 el experimento peronista con resultado positivo para quien lo pens\u00f3 y lo impuls\u00f3 para sostener los territorios en manos del PJ. Tambi\u00e9n result\u00f3 airoso el \u00fanico intendente peronista del Gran Mendoza. La estrategia de\u00a0<strong>Emir F\u00e9lix\u00a0<\/strong>se materializ\u00f3 y logr\u00f3 que los tres intendentes, es decir: \u00e9l mismo junto a\u00a0<strong>Mart\u00edn Aveiro<\/strong>\u00a0y\u00a0<strong>Roberto Righi<\/strong>\u00a0que no pod\u00edan ser reelectos lograran la continuidad de las conducciones peronistas en\u00a0San Rafael,\u00a0Tunuy\u00e1n\u00a0y\u00a0Lavalle\u00a0respectivamente.<\/p>\n\n\n\n<p>All\u00ed se defini\u00f3 que se aplicar\u00eda desde esa elecci\u00f3n el enmendado\u00a0<strong>art\u00edculo 198 de la Constituci\u00f3n de Mendoza<\/strong>\u00a0que fija que los intendentes solo se podr\u00e1n elegir una vez consecutiva y que deber\u00e1n dejar pasar por lo menos un periodo de gesti\u00f3n si quieren ser electos nuevamente.\u00a0 \u00a0<\/p>\n\n\n\n<p>Aquel camino marc\u00f3<strong>\u00a0la diferenciaci\u00f3n<\/strong>\u00a0de las elecciones municipales respecto de las provinciales y nacionales para evitar el efecto arrastre de las grandes estructuras partidarias. Adem\u00e1s con la aplicaci\u00f3n de la boleta \u00fanica de papel entonces todo se enfil\u00f3 para segmentar a\u00fan m\u00e1s el voto de las vecindades.<\/p>\n\n\n\n<p>Y en ese escenario reconstruido los peronistas sobrevivieron en sus territorios atrincherados en tiempos bravos para ellos, \u00e9poca de antikirchnerismo a\u00fan vigente (aunque m\u00e1s atenuada) y que termin\u00f3 reduciendo al PJ en la consideraci\u00f3n del electorado mendocino, lo que se vio reflejado en el \u00faltimo escrutinio de las PASO provinciales con un peronismo tercero en la sumatoria de votos.\u00a0\u00a0<\/p>\n\n\n\n<p><strong>Ausentes sin aviso<\/strong><\/p>\n\n\n\n<p>Tambi\u00e9n hay que prestar atenci\u00f3n a otro aspecto de la saga de elecciones que atravesamos este a\u00f1o. La deserci\u00f3n ciudadana a las urnas que sigue siendo un s\u00edntoma de estos tiempos de repudio a la actividad de la pol\u00edtica partidaria. Veamos.<\/p>\n\n\n\n<p><strong>\u2022 Las listas.&nbsp;<\/strong>Precisamente para evidenciar esta situaci\u00f3n de ausentismo es que hay que tener en cuenta que fueron en total&nbsp;<strong>441.956 personas<\/strong>&nbsp;que pod\u00edan y deb\u00edan votar en las siete elecciones comunales que se concretaron ayer domingo 3.<\/p>\n\n\n\n<p><strong>\u2022 Mayor poblaci\u00f3n.<\/strong>&nbsp;La mayor concentraci\u00f3n de las personas habilitadas para elegir residen en San Rafael (154.589) y Maip\u00fa (153.945). Son en total&nbsp;<strong>308.534 sufragantes<\/strong>&nbsp; que representan el&nbsp;<strong>69,81 por ciento<\/strong>&nbsp;de toda la ciudadan\u00eda que deb\u00eda votar en las siete comunas.&nbsp;<\/p>\n\n\n\n<p><strong>\u2022 M\u00e1s deserci\u00f3n.<\/strong>\u00a0Solo se presentaron a votar en los dos departamentos\u00a0<strong>192.126 votantes<\/strong>\u00a0lo que representa solo el\u00a0<strong>62,27 por ciento<\/strong>\u00a0de las personas que estaban empadronadas. O sea\u00a0<strong>falt\u00f3 a la cita el 37,7 por ciento<\/strong>. Un alto rango de ausentismo en los dos departamentos con m\u00e1s mayor poblaci\u00f3n de los siete en que se realizaron elecciones municipales.<\/p>\n\n\n\n<p><strong>\u2022 Menos gente.&nbsp;<\/strong>En tanto en el lote de las cinco municipalidades m\u00e1s &#8220;chicas&#8221; se distribuyen&nbsp;&nbsp;<strong>133,422 personas registradas<\/strong>. Son el restante&nbsp;<strong>30,19<\/strong>&nbsp;por ciento de electores y en esa porci\u00f3n se registra una mayor asistencia a los centros de votaci\u00f3n.&nbsp;<\/p>\n\n\n\n<p><strong>\u2022 M\u00e1s adhesi\u00f3n.<\/strong>&nbsp;Se presentaron a votar&nbsp;<strong>94.523 personas<\/strong>&nbsp;entre Tunuy\u00e1n, San Carlos(gobernado y sostenido por el difonsismo) por , Lavalle, Santa Rosa y La Paz. Eso representa el&nbsp;<strong>70,84<\/strong>&nbsp;por ciento del padr\u00f3n. Siendo Santa Rosa y La Paz los distritos con menos cantidad de votantes registrados pero con el mayor \u00edndice de asistencia a las urnas, 75,19 por ciento y 83,87 por ciento respectivamente.&nbsp;&nbsp;<\/p>\n\n\n\n<p><strong>\u2022 M\u00ednima conclusi\u00f3n.\u00a0<\/strong>Lo que se transparenta con este desglose es que en los departamentos con menor poblaci\u00f3n y padrones menos numerosos se registra mayor compromiso con el voto. Una presunci\u00f3n v\u00e1lida podr\u00eda ser que\u00a0<strong>la ruralidad<\/strong>\u00a0que predomina en estos departamentos debe operar en esta actitud ante\u00a0<strong>la urbanidad<\/strong>\u00a0que tiene m\u00e1s rechazo a la dirigencia pol\u00edtica.\u00a0<\/p>\n\n\n\n<p><strong>Peronismo adentro<\/strong><\/p>\n\n\n\n<p>La centralidad, como se ha dicho, la tuvieron los hermanos F\u00e9lix, Emir y Omar, traspas\u00e1ndose el mando municipal en San Rafael con un significativo\u00a0<strong>48.77<\/strong>\u00a0por ciento de los votos y Stevanato que con un\u00a0<strong>50,99<\/strong>\u00a0por ciento de los votos, logr\u00f3 la reelecci\u00f3n en Maip\u00fa el departamento gobernado por el PJ desde 1983.<\/p>\n\n\n\n<p>El resultado electoral es un mensaje interno en el Partido Justicialista hoy controlado por el kirchnerismo. Los n\u00facleos de poder departamental se har\u00e1n sentir en los debates internos. Justamente hoy lunes 4 se producir\u00e1 el primero tras la elecci\u00f3n. Los intendentes son necesarios para contener votos peronistas para apuntalar a la dupla provincial\u00a0\u00a0<strong>Omar Parisi<\/strong>\u00a0&#8211;<strong>Lucas Ilardo<\/strong>, que por el momento aparece corriendo relegada detr\u00e1s de la f\u00f3rmula de Cambia Mendoza<strong>\u00a0Cornejo<\/strong>&#8211;<strong>Hebe Casado<\/strong>\u00a0seguida por la combinaci\u00f3n\u00a0\u00a0<strong>Omar De Marchi<\/strong>\u00a0&#8211;<strong>Daniel Orozco<\/strong>\u00a0por LUM.\u00a0\u00a0<\/p>\n\n\n\n<p>En ese contexto desde el sector de los F\u00e9lix ya expresaron la postura de la urgencia de cambio de enfoque del peronismo local.\u00a0 &#8220;<strong>Es un momento y contexto distinto, no vamos a ver un peronismo como el que hemos visto a\u00f1os atr\u00e1s<\/strong>&#8220;, avis\u00f3 el triunfante Omar desde la sede partidaria de San Rafael.<\/p>\n\n\n\n<p>Y mientras, Stevanato eligi\u00f3 esquivar las preguntas inc\u00f3modas que lo relacionan con De Marchi y comenz\u00f3 a sentir la presi\u00f3n de sus pares peronistas para que se quede dentro del PJ apoyando la campa\u00f1a provincial. &#8220;<strong>No creo que ning\u00fan peronista se corra de las filas del peronismo<\/strong>&#8220;, remarc\u00f3 el renovado F\u00e9lix descartando as\u00ed a que su colega maipucino de el salto.<\/p>\n\n\n\n<p>Pero lo que significa una presi\u00f3n tambi\u00e9n es una recotizaci\u00f3n de las acciones pol\u00edticas del intendente maipucino en la interna peronista, ahora mirando m\u00e1s all\u00e1 de 2027 cuando termine su segundo mandato como intendente. Se lo se\u00f1ala justificadamente como parte del recambio generacional junto a Destefanis ubic\u00e1ndose en la primera l\u00ednea de referentes provinciales.\u00a0\u00a0<\/p>\n\n\n\n<p> <strong>El efecto Milei en dos dimensiones<\/strong><\/p>\n\n\n\n<p>Dos puntos de vista sobre el comportamiento del electorado en los departamentos que hace menos de un mes votaron en las PASO nacionales en su mayor\u00eda la opci\u00f3n del libertario\u00a0<strong>Javier Milei<\/strong>.\u00a0<\/p>\n\n\n\n<p>\u2022\u00a0<strong>Se esperaba m\u00e1s.\u00a0<\/strong>El primer vistazo deja una impresi\u00f3n escasa tomando en cuenta aquel casi 45 por ciento con los que arras\u00f3 en Mendoza. Desde ese punto de observaci\u00f3n en esta cita electoral los seguidores del presidenciable m\u00e1s votado no tuvieron una masividad como la lograda hace tres semanas.<\/p>\n\n\n\n<p>\u2022\u00a0<strong>El emergente sanrafaelino.<\/strong>\u00a0El reconocido empresario\u00a0<strong>Rodolfo Bianchi\u00a0<\/strong>candidato libertario a intendente en San Rafael logr\u00f3 una buena perfomance con\u00a0<strong>20.66 por ciento\u00a0<\/strong>de los votos, relativamente cerca del radical Abel Freidemberg que reuni\u00f3 26.09 por ciento de los sufragios. Ese desempe\u00f1o le permite a la agrupaci\u00f3n libertaria que integr\u00f3 un frente con el PD y el Partido de los Jubilados para colocar un concejal en el pr\u00f3ximo periodo. Desde ese lugar el efecto Milei gener\u00f3 un resultado promisorio en el distrito sure\u00f1o donde siempre se detect\u00f3 una gran adhesi\u00f3n a la propuesta de la Libertad Avanza. Para F\u00e9lix esto no pas\u00f3 desapercibido y d\u00e1ndole valor a la incursi\u00f3n libertaria.\u00a0&#8220;Los mejores tiempos de Mendoza fueron con tres fuerzas pol\u00edticas&#8221;, dijo el intendente electo augurando ese tercer espacio a LLA<strong>.<\/strong>\u00a0<\/p>\n\n\n\n<p>FUENTE: Mendozapost.<\/p>\n","protected":false},"excerpt":{"rendered":"<p>Termin\u00f3 el experimento peronista con resultado positivo para quien lo pens\u00f3 y lo impuls\u00f3 para sostener los territorios en manos del PJ. Tambi\u00e9n result\u00f3 airoso el \u00fanico intendente peronista del Gran Mendoza. La estrategia de\u00a0Emir F\u00e9lix\u00a0se materializ\u00f3 y logr\u00f3 que los tres intendentes, es decir: \u00e9l mismo junto a\u00a0Mart\u00edn Aveiro\u00a0y\u00a0Roberto Righi\u00a0que no pod\u00edan ser reelectos [&hellip;]<\/p>\n","protected":false},"author":2,"featured_media":1158,"comment_status":"open","ping_status":"open","sticky":true,"template":"","format":"standard","meta":[],"categories":[47],"tags":[],"_links":{"self":[{"href":"https:\/\/pasaenmendoza.com\/index.php?rest_route=\/wp\/v2\/posts\/1157"}],"collection":[{"href":"https:\/\/pasaenmendoza.com\/index.php?rest_route=\/wp\/v2\/posts"}],"about":[{"href":"https:\/\/pasaenmendoza.com\/index.php?rest_route=\/wp\/v2\/types\/post"}],"author":[{"embeddable":true,"href":"https:\/\/pasaenmendoza.com\/index.php?rest_route=\/wp\/v2\/users\/2"}],"replies":[{"embeddable":true,"href":"https:\/\/pasaenmendoza.com\/index.php?rest_route=%2Fwp%2Fv2%2Fcomments&post=1157"}],"version-history":[{"count":1,"href":"https:\/\/pasaenmendoza.com\/index.php?rest_route=\/wp\/v2\/posts\/1157\/revisions"}],"predecessor-version":[{"id":1159,"href":"https:\/\/pasaenmendoza.com\/index.php?rest_route=\/wp\/v2\/posts\/1157\/revisions\/1159"}],"wp:featuredmedia":[{"embeddable":true,"href":"https:\/\/pasaenmendoza.com\/index.php?rest_route=\/wp\/v2\/media\/1158"}],"wp:attachment":[{"href":"https:\/\/pasaenmendoza.com\/index.php?rest_route=%2Fwp%2Fv2%2Fmedia&parent=1157"}],"wp:term":[{"taxonomy":"category","embeddable":true,"href":"https:\/\/pasaenmendoza.com\/index.php?rest_route=%2Fwp%2Fv2%2Fcategories&post=1157"},{"taxonomy":"post_tag","embeddable":true,"href":"https:\/\/pasaenmendoza.com\/index.php?rest_route=%2Fwp%2Fv2%2Ftags&post=1157"}],"curies":[{"name":"wp","href":"https:\/\/api.w.org\/{rel}","templated":true}]}}