{"id":11573,"date":"2025-02-13T21:36:07","date_gmt":"2025-02-13T20:36:07","guid":{"rendered":"https:\/\/pasaenmendoza.com\/?p=11573"},"modified":"2025-02-13T21:36:08","modified_gmt":"2025-02-13T20:36:08","slug":"reaparecio-la-union-mendocina-y-anuncio-que-pedira-la-suspension-de-las-paso-en-mendoza","status":"publish","type":"post","link":"https:\/\/pasaenmendoza.com\/?p=11573","title":{"rendered":"Reapareci\u00f3 La Uni\u00f3n Mendocina y anunci\u00f3 que pedir\u00e1 la suspensi\u00f3n de las PASO en Mendoza"},"content":{"rendered":"\n<p>Diputados y senadores de&nbsp;<strong>La Uni\u00f3n Mendocina (LUM)<\/strong>,&nbsp;se reunieron para anunciar que presentar\u00e1n un proyecto para suspender las&nbsp;<strong>PASO&nbsp;<\/strong>en la provincia. Adem\u00e1s, la reuni\u00f3n fue una forma de demostrar unidad. De hecho, en un posteo de La red social X, expresaron que &#8220;<strong>la Uni\u00f3n Mendocina<\/strong>, m\u00e1s unida y m\u00e1s mendocina que nunca&#8221;.<\/p>\n\n\n\n<p><strong>Jorge Difonso<\/strong>&nbsp;(UP) jefe del interbloque de&nbsp;<strong>La Uni\u00f3n Mendocina<\/strong>&nbsp;en Diputados, quien adem\u00e1s cont\u00f3 acerca de los temas provinciales en los que se se va a concentrar el Frente, como la producci\u00f3n local, la situaci\u00f3n de las Pymes, la inseguridad, entre otras tem\u00e1ticas de la agenda local.<\/p>\n\n\n\n<p><strong>Difonso<\/strong>&nbsp;tambi\u00e9n respondi\u00f3 acerca de la participaci\u00f3n de&nbsp;<strong>Omar De Marchi<\/strong>&nbsp;y de&nbsp;<strong>Daniel Orozco<\/strong>&nbsp;y su esposa<strong>&nbsp;Janina Ortiz<\/strong>&nbsp;en<strong>&nbsp;La Uni\u00f3n Mendocina.<\/strong><\/p>\n\n\n\n<h2 class=\"wp-block-heading\">Por qu\u00e9 La Uni\u00f3n Mendocina pidi\u00f3 suspender las PASO en Mendoza<\/h2>\n\n\n\n<p><strong>Jorge Difonso<\/strong>&nbsp;explic\u00f3 que este pedido, que cuenta con el consenso de casi todos los partidos que conforman el frente&nbsp;<strong>La Uni\u00f3n Mendocina<\/strong>, tiene que ver con reducir gastos para el Estado ya que la realizaci\u00f3n de las&nbsp;<strong>PASO<\/strong>&nbsp;es muy costosa. En cambio, los integrantes de<strong>&nbsp;LUM<\/strong>&nbsp;apuestan por que el Gobierno de Mendoza tome&nbsp;l<strong>a misma decisi\u00f3n que el gobierno nacional en cuanto a las PASO.<\/strong><\/p>\n\n\n\n<p>La intenci\u00f3n es que las elecciones internas queden en el \u00e1mbito de cada partido pol\u00edtico y que quienes voten sean los afiliados.&nbsp;<strong>Difonso<\/strong>&nbsp;destac\u00f3 que en su partido (Uni\u00f3n Popular) desde el 2015 que afirman que las&nbsp;<strong>PASO&nbsp;<\/strong>deber\u00edan eliminarse.<\/p>\n\n\n\n<h2 class=\"wp-block-heading\">Qu\u00e9 sucedi\u00f3 con Orozco y De Marchi dentro de La Uni\u00f3n Mendocina<\/h2>\n\n\n\n<p>En sus or\u00edgenes,&nbsp;<strong>La Uni\u00f3n Mendocina<\/strong>&nbsp;fue un proyecto en el que participaron varios partidos ex integrantes de Cambia Mendoza. Entre quienes convocaron a esta propuesta estuvo&nbsp;<strong>Omar De Marchi<\/strong>, quien forma parte del gobierno nacional -actualmente es el vicepresidente de Aerol\u00edneas Argentinas- y el exintendente radical de Las Heras,<strong>&nbsp;Daniel Orozco<\/strong>. esta fue la f\u00f3rmula para gobernador y vice en las elecciones 2023. Luego,&nbsp;<strong>De Marchi&nbsp;<\/strong>emigr\u00f3 a Naci\u00f3n y tanto&nbsp;<strong>Orozco<\/strong>&nbsp;como su esposa Janina Ortiz tienen problemas con la justicia.<\/p>\n\n\n\n<p>Seg\u00fan&nbsp;<strong>Difonso<\/strong>,&nbsp;<strong>Omar De Marchi&nbsp;<\/strong>nunca se fue de&nbsp;<strong>La Uni\u00f3n Mendocina<\/strong>, aunque reconoci\u00f3 que en la actualidad no est\u00e1 participando activamente del espacio, pero s\u00ed lo siguen haciendo los integrantes del PRO (como Gabriel Pradines).<\/p>\n\n\n\n<p>En cuanto a Orozco,&nbsp;<strong>Difonso&nbsp;<\/strong>se limit\u00f3 a decir &#8220;por el momento,&nbsp;<strong>Orozco&nbsp;<\/strong>y su esposa tienen que resolver sus problemas judiciales y no est\u00e1n participando de LUM&#8221;.<\/p>\n\n\n\n<h2 class=\"wp-block-heading\">Una reuni\u00f3n ampliada de LUM antes de Vendimia 2025<\/h2>\n\n\n\n<p>El actual diputado y exintendente de San Carlos destac\u00f3 que antes de la Vendimia 2025, van a tener una reuni\u00f3n ampliada de&nbsp;<strong>La Uni\u00f3n Mendocina<\/strong>. En esta, van a participar dirigentes de toda la provincia que forman parte del espacio. &#8220;Nosotros apuntamos a sumar espacios departamentales y vamos a invitarlos a la reuni\u00f3n&#8221;.<\/p>\n\n\n\n<p>En cuanto a si Orozco y Janina Ortiz van a asistir a esta reuni\u00f3n ampliada de&nbsp;<strong>La Uni\u00f3n Mendocina<\/strong>,&nbsp;<strong>Difonso<\/strong>&nbsp;no lo pudo afirmar, pero tampoco lo neg\u00f3. Es decir que la participaci\u00f3n del matrimonio que hasta el a\u00f1o 2023 gestionaba la comuna de Las Heras, qued\u00f3 en duda.<\/p>\n\n\n\n<p><strong>Fuente: www.diariouno.com.ar<\/strong><\/p>\n","protected":false},"excerpt":{"rendered":"<p>Diputados y senadores de&nbsp;La Uni\u00f3n Mendocina (LUM),&nbsp;se reunieron para anunciar que presentar\u00e1n un proyecto para suspender las&nbsp;PASO&nbsp;en la provincia. Adem\u00e1s, la reuni\u00f3n fue una forma de demostrar unidad. De hecho, en un posteo de La red social X, expresaron que &#8220;la Uni\u00f3n Mendocina, m\u00e1s unida y m\u00e1s mendocina que nunca&#8221;. Jorge Difonso&nbsp;(UP) jefe del interbloque [&hellip;]<\/p>\n","protected":false},"author":2,"featured_media":11574,"comment_status":"open","ping_status":"open","sticky":false,"template":"","format":"standard","meta":[],"categories":[47],"tags":[],"_links":{"self":[{"href":"https:\/\/pasaenmendoza.com\/index.php?rest_route=\/wp\/v2\/posts\/11573"}],"collection":[{"href":"https:\/\/pasaenmendoza.com\/index.php?rest_route=\/wp\/v2\/posts"}],"about":[{"href":"https:\/\/pasaenmendoza.com\/index.php?rest_route=\/wp\/v2\/types\/post"}],"author":[{"embeddable":true,"href":"https:\/\/pasaenmendoza.com\/index.php?rest_route=\/wp\/v2\/users\/2"}],"replies":[{"embeddable":true,"href":"https:\/\/pasaenmendoza.com\/index.php?rest_route=%2Fwp%2Fv2%2Fcomments&post=11573"}],"version-history":[{"count":1,"href":"https:\/\/pasaenmendoza.com\/index.php?rest_route=\/wp\/v2\/posts\/11573\/revisions"}],"predecessor-version":[{"id":11575,"href":"https:\/\/pasaenmendoza.com\/index.php?rest_route=\/wp\/v2\/posts\/11573\/revisions\/11575"}],"wp:featuredmedia":[{"embeddable":true,"href":"https:\/\/pasaenmendoza.com\/index.php?rest_route=\/wp\/v2\/media\/11574"}],"wp:attachment":[{"href":"https:\/\/pasaenmendoza.com\/index.php?rest_route=%2Fwp%2Fv2%2Fmedia&parent=11573"}],"wp:term":[{"taxonomy":"category","embeddable":true,"href":"https:\/\/pasaenmendoza.com\/index.php?rest_route=%2Fwp%2Fv2%2Fcategories&post=11573"},{"taxonomy":"post_tag","embeddable":true,"href":"https:\/\/pasaenmendoza.com\/index.php?rest_route=%2Fwp%2Fv2%2Ftags&post=11573"}],"curies":[{"name":"wp","href":"https:\/\/api.w.org\/{rel}","templated":true}]}}