{"id":11586,"date":"2025-02-14T14:06:22","date_gmt":"2025-02-14T13:06:22","guid":{"rendered":"https:\/\/pasaenmendoza.com\/?p=11586"},"modified":"2025-02-14T14:06:23","modified_gmt":"2025-02-14T13:06:23","slug":"cayo-a-una-lider-narco-de-mendoza-por-lavado-de-activos","status":"publish","type":"post","link":"https:\/\/pasaenmendoza.com\/?p=11586","title":{"rendered":"Cay\u00f3 a una l\u00edder narco de Mendoza por lavado de activos"},"content":{"rendered":"\n<p>En un importante operativo llevado a cabo por la<strong>&nbsp;Polic\u00eda de Mendoza<\/strong>, en colaboraci\u00f3n con las fuerzas federales,&nbsp;<strong>Seguridad Aeroportuaria (PSA), Gendarmer\u00eda Nacional y la Agencia de Recaudaci\u00f3n y Control Aduanero (ARCA)<\/strong>, se logr\u00f3 la captura de una l\u00edder de una organizaci\u00f3n narco. La detenci\u00f3n se produjo tras ocho allanamientos simult\u00e1neos en oeste de&nbsp;<strong>Godoy Cruz, Luj\u00e1n y en la Penitenciar\u00eda Provincial.<\/strong><\/p>\n\n\n\n<p>La ministra de Seguridad y Justicia,\u00a0<strong>Mercedes Rus<\/strong>, destac\u00f3: &#8220;Capturamos a la l\u00edder de una organizaci\u00f3n narco dedicada al lavado de activos, tras ocho allanamientos simult\u00e1neos en Godoy Cruz, Luj\u00e1n de Cuyo y la Penitenciar\u00eda Provincial. El operativo fue coordinado por el Juzgado Federal N\u00b03, en el marco del plan 90\/10&#8221;.<\/p>\n\n\n\n<p>El operativo de fuerzas incluy\u00f3 la participaci\u00f3n de la Polic\u00eda Contra el Narcotr\u00e1fico (PCN), personal de Infanter\u00eda y la Unidad VANT (Veh\u00edculos A\u00e9reos No Tripulados), quienes participaron activamente en la investigaci\u00f3n que permiti\u00f3 desarticular una red dedicada al comercio de sustancias prohibidas.<\/p>\n\n\n\n<p>&#8220;Fue luego de una exhaustiva investigaci\u00f3n que ven\u00eda llevando adelante la Polic\u00eda contra el Narcotr\u00e1fico de Mendoza. Como resultado, se detuvo tambi\u00e9n a siete personas vinculadas al grupo que comercializaba estupefacientes en peque\u00f1as cantidades&#8221;, resalt\u00f3 la funcionaria.<\/p>\n\n\n\n<p>Como resultado del operativo, se detuvo a una de las principales l\u00edderes de la organizaci\u00f3n, de 38 a\u00f1os, junto a otras tres mujeres de 52, 30 y 21 a\u00f1os. Tambi\u00e9n fueron arrestados tres hombres de 18 a\u00f1os y dos de 24 a\u00f1os.<\/p>\n\n\n\n<p>El grupo investigado operaba principalmente en el oeste de Godoy Cruz y en el piedemonte de Luj\u00e1n. Seg\u00fan las investigaciones, la l\u00edder adquir\u00eda bienes mediante el uso de dinero proveniente de actividades ilegales.<\/p>\n\n\n\n<p>Para finalizar, Rus asegur\u00f3 que &#8220;las directivas son claras para avanzar sobre el lavado de activos para desbaratar las v\u00edas de financiaci\u00f3n del delito vinculadas al narcotr\u00e1fico. Golpear la econom\u00eda ilegal es clave para frenar estas organizaciones&#8221;.<\/p>\n\n\n\n<p><strong>Fuente: www.mendozapost.com<\/strong><\/p>\n","protected":false},"excerpt":{"rendered":"<p>En un importante operativo llevado a cabo por la&nbsp;Polic\u00eda de Mendoza, en colaboraci\u00f3n con las fuerzas federales,&nbsp;Seguridad Aeroportuaria (PSA), Gendarmer\u00eda Nacional y la Agencia de Recaudaci\u00f3n y Control Aduanero (ARCA), se logr\u00f3 la captura de una l\u00edder de una organizaci\u00f3n narco. La detenci\u00f3n se produjo tras ocho allanamientos simult\u00e1neos en oeste de&nbsp;Godoy Cruz, Luj\u00e1n y [&hellip;]<\/p>\n","protected":false},"author":2,"featured_media":11587,"comment_status":"open","ping_status":"open","sticky":false,"template":"","format":"standard","meta":[],"categories":[48],"tags":[],"_links":{"self":[{"href":"https:\/\/pasaenmendoza.com\/index.php?rest_route=\/wp\/v2\/posts\/11586"}],"collection":[{"href":"https:\/\/pasaenmendoza.com\/index.php?rest_route=\/wp\/v2\/posts"}],"about":[{"href":"https:\/\/pasaenmendoza.com\/index.php?rest_route=\/wp\/v2\/types\/post"}],"author":[{"embeddable":true,"href":"https:\/\/pasaenmendoza.com\/index.php?rest_route=\/wp\/v2\/users\/2"}],"replies":[{"embeddable":true,"href":"https:\/\/pasaenmendoza.com\/index.php?rest_route=%2Fwp%2Fv2%2Fcomments&post=11586"}],"version-history":[{"count":1,"href":"https:\/\/pasaenmendoza.com\/index.php?rest_route=\/wp\/v2\/posts\/11586\/revisions"}],"predecessor-version":[{"id":11588,"href":"https:\/\/pasaenmendoza.com\/index.php?rest_route=\/wp\/v2\/posts\/11586\/revisions\/11588"}],"wp:featuredmedia":[{"embeddable":true,"href":"https:\/\/pasaenmendoza.com\/index.php?rest_route=\/wp\/v2\/media\/11587"}],"wp:attachment":[{"href":"https:\/\/pasaenmendoza.com\/index.php?rest_route=%2Fwp%2Fv2%2Fmedia&parent=11586"}],"wp:term":[{"taxonomy":"category","embeddable":true,"href":"https:\/\/pasaenmendoza.com\/index.php?rest_route=%2Fwp%2Fv2%2Fcategories&post=11586"},{"taxonomy":"post_tag","embeddable":true,"href":"https:\/\/pasaenmendoza.com\/index.php?rest_route=%2Fwp%2Fv2%2Ftags&post=11586"}],"curies":[{"name":"wp","href":"https:\/\/api.w.org\/{rel}","templated":true}]}}