{"id":11593,"date":"2025-02-14T21:30:35","date_gmt":"2025-02-14T20:30:35","guid":{"rendered":"https:\/\/pasaenmendoza.com\/?p=11593"},"modified":"2025-02-14T21:30:36","modified_gmt":"2025-02-14T20:30:36","slug":"jornada-de-vacunacion-y-charlas-gratuitas-para-promover-la-tenencia-responsable-de-mascotas","status":"publish","type":"post","link":"https:\/\/pasaenmendoza.com\/?p=11593","title":{"rendered":"Jornada de vacunaci\u00f3n y charlas gratuitas para promover la tenencia responsable de mascotas"},"content":{"rendered":"\n<p>El pr\u00f3ximo martes 18 de febrero, a las 9:00 horas,<strong>\u00a0se llevar\u00e1 a cabo una jornada dedicada al cuidado de los animales de compa\u00f1\u00eda, organizada por la\u00a0Municipalidad\u00a0en el SUM del barrio Sol y Sierra<\/strong>. La actividad tiene como objetivo\u00a0<strong>promover la tenencia responsable de\u00a0mascotas<\/strong>, brindando tanto informaci\u00f3n como servicios gratuitos para la comunidad.<\/p>\n\n\n\n<h4 class=\"wp-block-heading\"><strong>Charlas y prevenci\u00f3n de enfermedades<\/strong><\/h4>\n\n\n\n<p>Durante el\u00a0evento, se brindar\u00e1 una charla sobre la tenencia responsable de mascotas. De manera tal que se abordar\u00e1 temas clave como el bienestar animal y la prevenci\u00f3n de enfermedades zoon\u00f3ticas.<\/p>\n\n\n\n<p>En esta ocasi\u00f3n, se busca que los vecinos tomen conciencia sobre la importancia del cuidado adecuado de perros y gatos. As\u00ed, se promueven pr\u00e1cticas responsables para su salud y la de toda la comunidad.<\/p>\n\n\n\n<h4 class=\"wp-block-heading\"><strong>Operativo de vacunaci\u00f3n y control sanitario<\/strong><\/h4>\n\n\n\n<p>Adem\u00e1s de la charla, se desarrollar\u00e1 un\u00a0<strong>operativo gratuito de vacunaci\u00f3n antirr\u00e1bica para caninos y felinos sanos mayores de 4 meses<\/strong>. Tambi\u00e9n se realizar\u00e1n<strong>\u00a0desparasitaciones<\/strong>\u00a0a cachorros y se\u00a0<strong>aplicar\u00e1n pipetas<\/strong>\u00a0para el control de pulgas y garrapatas.<\/p>\n\n\n\n<h4 class=\"wp-block-heading\"><strong>Inscripci\u00f3n para castraciones<\/strong><\/h4>\n\n\n\n<p>De manera simult\u00e1nea, se abrir\u00e1 la inscripci\u00f3n para&nbsp;<strong>turnos de castraci\u00f3n<\/strong>, que se llevar\u00e1n a cabo los d\u00edas<strong>&nbsp;27 y 28 de febrero<\/strong>&nbsp;en el m\u00f3vil veterinario del municipio. Estas intervenciones forman parte de una estrategia para controlar la sobrepoblaci\u00f3n de animales y prevenir enfermedades.<\/p>\n\n\n\n<h4 class=\"wp-block-heading\"><strong>Informaci\u00f3n y contacto<\/strong><\/h4>\n\n\n\n<p><strong>La atenci\u00f3n ser\u00e1 presencial y con cupo limitado.<\/strong>\u00a0Para m\u00e1s informaci\u00f3n, los interesados pueden comunicarse con la Direcci\u00f3n de Desarrollo Social (Departamento de Intervenci\u00f3n Social y Territorial) al tel\u00e9fono<strong>\u00a04429319.\u00a0<\/strong>Tambi\u00e9n, con el Departamento de Control Animal al\u00a0<strong>4131843, de lunes a viernes de 9 a 14.<\/strong><\/p>\n\n\n\n<p><strong>Fuente: www.diariomendoza.com.ar<\/strong><\/p>\n\n\n\n<p><a href=\"https:\/\/www.diariomendoza.com.ar\/sociedad\/por-caminos-agua-circuito-conocer-mas-nuestro-sistema-riego-cuidado-agua-n84950\"><\/a><\/p>\n","protected":false},"excerpt":{"rendered":"<p>El pr\u00f3ximo martes 18 de febrero, a las 9:00 horas,\u00a0se llevar\u00e1 a cabo una jornada dedicada al cuidado de los animales de compa\u00f1\u00eda, organizada por la\u00a0Municipalidad\u00a0en el SUM del barrio Sol y Sierra. La actividad tiene como objetivo\u00a0promover la tenencia responsable de\u00a0mascotas, brindando tanto informaci\u00f3n como servicios gratuitos para la comunidad. Charlas y prevenci\u00f3n de [&hellip;]<\/p>\n","protected":false},"author":2,"featured_media":11594,"comment_status":"open","ping_status":"open","sticky":false,"template":"","format":"standard","meta":[],"categories":[50],"tags":[],"_links":{"self":[{"href":"https:\/\/pasaenmendoza.com\/index.php?rest_route=\/wp\/v2\/posts\/11593"}],"collection":[{"href":"https:\/\/pasaenmendoza.com\/index.php?rest_route=\/wp\/v2\/posts"}],"about":[{"href":"https:\/\/pasaenmendoza.com\/index.php?rest_route=\/wp\/v2\/types\/post"}],"author":[{"embeddable":true,"href":"https:\/\/pasaenmendoza.com\/index.php?rest_route=\/wp\/v2\/users\/2"}],"replies":[{"embeddable":true,"href":"https:\/\/pasaenmendoza.com\/index.php?rest_route=%2Fwp%2Fv2%2Fcomments&post=11593"}],"version-history":[{"count":1,"href":"https:\/\/pasaenmendoza.com\/index.php?rest_route=\/wp\/v2\/posts\/11593\/revisions"}],"predecessor-version":[{"id":11595,"href":"https:\/\/pasaenmendoza.com\/index.php?rest_route=\/wp\/v2\/posts\/11593\/revisions\/11595"}],"wp:featuredmedia":[{"embeddable":true,"href":"https:\/\/pasaenmendoza.com\/index.php?rest_route=\/wp\/v2\/media\/11594"}],"wp:attachment":[{"href":"https:\/\/pasaenmendoza.com\/index.php?rest_route=%2Fwp%2Fv2%2Fmedia&parent=11593"}],"wp:term":[{"taxonomy":"category","embeddable":true,"href":"https:\/\/pasaenmendoza.com\/index.php?rest_route=%2Fwp%2Fv2%2Fcategories&post=11593"},{"taxonomy":"post_tag","embeddable":true,"href":"https:\/\/pasaenmendoza.com\/index.php?rest_route=%2Fwp%2Fv2%2Ftags&post=11593"}],"curies":[{"name":"wp","href":"https:\/\/api.w.org\/{rel}","templated":true}]}}