{"id":1160,"date":"2023-09-04T15:07:52","date_gmt":"2023-09-04T13:07:52","guid":{"rendered":"https:\/\/pasaenmendoza.com\/?p=1160"},"modified":"2023-09-04T15:07:53","modified_gmt":"2023-09-04T13:07:53","slug":"la-semana-empieza-con-un-lunes-lluvioso-y-nublado-en-el-gran-mendoza","status":"publish","type":"post","link":"https:\/\/pasaenmendoza.com\/?p=1160","title":{"rendered":"La semana empieza con un lunes lluvioso y nublado en el Gran Mendoza"},"content":{"rendered":"\n<p>\u00a0Este lunes empieza una semana de d\u00edas nublados y algo frescos. Para esta ma\u00f1ana hay probabilidad de lluvias aisladas y descenso de temperatura.\u00a0<\/p>\n\n\n\n<p>Seg\u00fan las previsiones del Servicio Meteorol\u00f3gico Nacional, la m\u00e1xima esperada para hoy es de\u00a0 13\u00b0.\u00a0<\/p>\n\n\n\n<p>El cielo permanece cubierto y sopla viento del sureste.\u00a0<\/p>\n\n\n\n<p>Para ma\u00f1ana martes, se espera ascenso de temperatura pero el cielo sigue nublado.\u00a0<\/p>\n\n\n\n<p>La m\u00e1xima pronosticada para el martes es de 18\u00b0.\u00a0<\/p>\n\n\n\n<p><strong>Fuente: www.mendozapost.com<\/strong><\/p>\n","protected":false},"excerpt":{"rendered":"<p>\u00a0Este lunes empieza una semana de d\u00edas nublados y algo frescos. Para esta ma\u00f1ana hay probabilidad de lluvias aisladas y descenso de temperatura.\u00a0 Seg\u00fan las previsiones del Servicio Meteorol\u00f3gico Nacional, la m\u00e1xima esperada para hoy es de\u00a0 13\u00b0.\u00a0 El cielo permanece cubierto y sopla viento del sureste.\u00a0 Para ma\u00f1ana martes, se espera ascenso de temperatura [&hellip;]<\/p>\n","protected":false},"author":2,"featured_media":1161,"comment_status":"open","ping_status":"open","sticky":false,"template":"","format":"standard","meta":[],"categories":[52],"tags":[],"_links":{"self":[{"href":"https:\/\/pasaenmendoza.com\/index.php?rest_route=\/wp\/v2\/posts\/1160"}],"collection":[{"href":"https:\/\/pasaenmendoza.com\/index.php?rest_route=\/wp\/v2\/posts"}],"about":[{"href":"https:\/\/pasaenmendoza.com\/index.php?rest_route=\/wp\/v2\/types\/post"}],"author":[{"embeddable":true,"href":"https:\/\/pasaenmendoza.com\/index.php?rest_route=\/wp\/v2\/users\/2"}],"replies":[{"embeddable":true,"href":"https:\/\/pasaenmendoza.com\/index.php?rest_route=%2Fwp%2Fv2%2Fcomments&post=1160"}],"version-history":[{"count":1,"href":"https:\/\/pasaenmendoza.com\/index.php?rest_route=\/wp\/v2\/posts\/1160\/revisions"}],"predecessor-version":[{"id":1162,"href":"https:\/\/pasaenmendoza.com\/index.php?rest_route=\/wp\/v2\/posts\/1160\/revisions\/1162"}],"wp:featuredmedia":[{"embeddable":true,"href":"https:\/\/pasaenmendoza.com\/index.php?rest_route=\/wp\/v2\/media\/1161"}],"wp:attachment":[{"href":"https:\/\/pasaenmendoza.com\/index.php?rest_route=%2Fwp%2Fv2%2Fmedia&parent=1160"}],"wp:term":[{"taxonomy":"category","embeddable":true,"href":"https:\/\/pasaenmendoza.com\/index.php?rest_route=%2Fwp%2Fv2%2Fcategories&post=1160"},{"taxonomy":"post_tag","embeddable":true,"href":"https:\/\/pasaenmendoza.com\/index.php?rest_route=%2Fwp%2Fv2%2Ftags&post=1160"}],"curies":[{"name":"wp","href":"https:\/\/api.w.org\/{rel}","templated":true}]}}