{"id":11606,"date":"2025-02-17T14:40:09","date_gmt":"2025-02-17T13:40:09","guid":{"rendered":"https:\/\/pasaenmendoza.com\/?p=11606"},"modified":"2025-02-17T14:40:10","modified_gmt":"2025-02-17T13:40:10","slug":"el-tiempo-este-lunes-de-cuanto-sera-la-maxima-en-mendoza","status":"publish","type":"post","link":"https:\/\/pasaenmendoza.com\/?p=11606","title":{"rendered":"El tiempo este lunes: de cu\u00e1nto ser\u00e1 la m\u00e1xima en Mendoza"},"content":{"rendered":"\n<p>Este lunes arranc\u00f3&nbsp;<strong>fresco&nbsp;<\/strong>durante las primeras horas con temperaturas que apenas superaron los 20\u00b0C. Con el correr de la jornada la temperatura ir\u00e1 en aumento, aunque la m\u00e1xima se ubicar\u00e1 lejos de lo registrado en anteriores semanas respecto de la&nbsp;<strong>ola de calor.<\/strong><\/p>\n\n\n\n<p>Para este lunes se espera que la m\u00e1xima se ubique en los 29\u00b0C, con una m\u00ednima de 22\u00b0C que se registr\u00f3 en las primeras horas de la ma\u00f1ana.<\/p>\n\n\n\n<p>El<strong>\u00a0Servicio Meteorol\u00f3gico Nacional no destac\u00f3 a Mendoza<\/strong>\u00a0dentro de las provincias que tienen alerta por lluvias, tormentas o temperaturas extremas, por lo que se espera un d\u00eda algo nublado y con\u00a0<strong>poco cambio de la temperatura<\/strong>, sin la ocurrencia de fen\u00f3menos destacados.<\/p>\n\n\n\n<p>La mala noticia llegar\u00e1 hacia el fin de semana, momento para el que se pronostica el inicio de una nueva\u00a0<strong>ola de calor<\/strong>\u00a0con temperaturas que rondar\u00e1n los 38 y los 39 grados. Ese fen\u00f3meno iniciar\u00eda el d\u00eda jueves 20 de febrero.<\/p>\n\n\n\n<p><strong>Fuente: www.elsol.com.ar<\/strong><\/p>\n","protected":false},"excerpt":{"rendered":"<p>Este lunes arranc\u00f3&nbsp;fresco&nbsp;durante las primeras horas con temperaturas que apenas superaron los 20\u00b0C. Con el correr de la jornada la temperatura ir\u00e1 en aumento, aunque la m\u00e1xima se ubicar\u00e1 lejos de lo registrado en anteriores semanas respecto de la&nbsp;ola de calor. Para este lunes se espera que la m\u00e1xima se ubique en los 29\u00b0C, con [&hellip;]<\/p>\n","protected":false},"author":2,"featured_media":11607,"comment_status":"open","ping_status":"open","sticky":false,"template":"","format":"standard","meta":[],"categories":[52],"tags":[],"_links":{"self":[{"href":"https:\/\/pasaenmendoza.com\/index.php?rest_route=\/wp\/v2\/posts\/11606"}],"collection":[{"href":"https:\/\/pasaenmendoza.com\/index.php?rest_route=\/wp\/v2\/posts"}],"about":[{"href":"https:\/\/pasaenmendoza.com\/index.php?rest_route=\/wp\/v2\/types\/post"}],"author":[{"embeddable":true,"href":"https:\/\/pasaenmendoza.com\/index.php?rest_route=\/wp\/v2\/users\/2"}],"replies":[{"embeddable":true,"href":"https:\/\/pasaenmendoza.com\/index.php?rest_route=%2Fwp%2Fv2%2Fcomments&post=11606"}],"version-history":[{"count":1,"href":"https:\/\/pasaenmendoza.com\/index.php?rest_route=\/wp\/v2\/posts\/11606\/revisions"}],"predecessor-version":[{"id":11608,"href":"https:\/\/pasaenmendoza.com\/index.php?rest_route=\/wp\/v2\/posts\/11606\/revisions\/11608"}],"wp:featuredmedia":[{"embeddable":true,"href":"https:\/\/pasaenmendoza.com\/index.php?rest_route=\/wp\/v2\/media\/11607"}],"wp:attachment":[{"href":"https:\/\/pasaenmendoza.com\/index.php?rest_route=%2Fwp%2Fv2%2Fmedia&parent=11606"}],"wp:term":[{"taxonomy":"category","embeddable":true,"href":"https:\/\/pasaenmendoza.com\/index.php?rest_route=%2Fwp%2Fv2%2Fcategories&post=11606"},{"taxonomy":"post_tag","embeddable":true,"href":"https:\/\/pasaenmendoza.com\/index.php?rest_route=%2Fwp%2Fv2%2Ftags&post=11606"}],"curies":[{"name":"wp","href":"https:\/\/api.w.org\/{rel}","templated":true}]}}