{"id":11609,"date":"2025-02-17T15:18:06","date_gmt":"2025-02-17T14:18:06","guid":{"rendered":"https:\/\/pasaenmendoza.com\/?p=11609"},"modified":"2025-02-17T15:18:07","modified_gmt":"2025-02-17T14:18:07","slug":"uso-herramientas-para-entrar-a-robar-a-una-casa-en-las-heras-y-lo-encontraron-oculto-en-una-acequia","status":"publish","type":"post","link":"https:\/\/pasaenmendoza.com\/?p=11609","title":{"rendered":"Us\u00f3 herramientas para entrar a robar a una casa en Las Heras y lo encontraron oculto en una acequia"},"content":{"rendered":"\n<p>Un hombre de 36 a\u00f1os fue\u00a0<strong>detenido\u00a0<\/strong>en el departamento de\u00a0<strong>Las Heras<\/strong>\u00a0luego de haber cometido un\u00a0<strong>robo\u00a0<\/strong>en un domicilio. El llamado de vecinos al 911 fue clave para que los agentes pudieran dar con el sujeto.<\/p>\n\n\n\n<p>Cerca de las 7:10 del domingo, un llamado a la l\u00ednea de emergencia\u00a0alert\u00f3 sobre la presencia de una persona en actitud sospechosa en el barrio Horcones de\u00a0<strong>Las Heras<\/strong>.<\/p>\n\n\n\n<p>Al llegar al lugar los efectivos fueron informados por testigos de que un sujeto hab\u00eda cometido un robo en una casa, propiedad de un vecino de 42 a\u00f1os.<\/p>\n\n\n\n<p>Tras un patrullaje por las calles, los agentes se percataron de que el malviviente se encontraba oculto dentro de una acequia y que llevaba consigo cajas de herramientas.\u00a0<\/p>\n\n\n\n<p>R\u00e1pidamente, lograron su aprehensi\u00f3n en la intersecci\u00f3n de calles Las \u00c1guilas y Cord\u00f3n del Plata. Ahora, el detenido se encuentra a disposici\u00f3n de la Oficina Fiscal N\u00b0 1 de\u00a0<strong>Las Heras<\/strong>, a cargo del Dr. Jorge Vera.\u00a0<\/p>\n\n\n\n<p><strong>Fuente: www.mdzol.com<\/strong><\/p>\n","protected":false},"excerpt":{"rendered":"<p>Un hombre de 36 a\u00f1os fue\u00a0detenido\u00a0en el departamento de\u00a0Las Heras\u00a0luego de haber cometido un\u00a0robo\u00a0en un domicilio. El llamado de vecinos al 911 fue clave para que los agentes pudieran dar con el sujeto. Cerca de las 7:10 del domingo, un llamado a la l\u00ednea de emergencia\u00a0alert\u00f3 sobre la presencia de una persona en actitud sospechosa [&hellip;]<\/p>\n","protected":false},"author":2,"featured_media":11610,"comment_status":"open","ping_status":"open","sticky":false,"template":"","format":"standard","meta":[],"categories":[48],"tags":[],"_links":{"self":[{"href":"https:\/\/pasaenmendoza.com\/index.php?rest_route=\/wp\/v2\/posts\/11609"}],"collection":[{"href":"https:\/\/pasaenmendoza.com\/index.php?rest_route=\/wp\/v2\/posts"}],"about":[{"href":"https:\/\/pasaenmendoza.com\/index.php?rest_route=\/wp\/v2\/types\/post"}],"author":[{"embeddable":true,"href":"https:\/\/pasaenmendoza.com\/index.php?rest_route=\/wp\/v2\/users\/2"}],"replies":[{"embeddable":true,"href":"https:\/\/pasaenmendoza.com\/index.php?rest_route=%2Fwp%2Fv2%2Fcomments&post=11609"}],"version-history":[{"count":1,"href":"https:\/\/pasaenmendoza.com\/index.php?rest_route=\/wp\/v2\/posts\/11609\/revisions"}],"predecessor-version":[{"id":11611,"href":"https:\/\/pasaenmendoza.com\/index.php?rest_route=\/wp\/v2\/posts\/11609\/revisions\/11611"}],"wp:featuredmedia":[{"embeddable":true,"href":"https:\/\/pasaenmendoza.com\/index.php?rest_route=\/wp\/v2\/media\/11610"}],"wp:attachment":[{"href":"https:\/\/pasaenmendoza.com\/index.php?rest_route=%2Fwp%2Fv2%2Fmedia&parent=11609"}],"wp:term":[{"taxonomy":"category","embeddable":true,"href":"https:\/\/pasaenmendoza.com\/index.php?rest_route=%2Fwp%2Fv2%2Fcategories&post=11609"},{"taxonomy":"post_tag","embeddable":true,"href":"https:\/\/pasaenmendoza.com\/index.php?rest_route=%2Fwp%2Fv2%2Ftags&post=11609"}],"curies":[{"name":"wp","href":"https:\/\/api.w.org\/{rel}","templated":true}]}}