{"id":11622,"date":"2025-02-17T21:38:23","date_gmt":"2025-02-17T20:38:23","guid":{"rendered":"https:\/\/pasaenmendoza.com\/?p=11622"},"modified":"2025-02-17T21:38:24","modified_gmt":"2025-02-17T20:38:24","slug":"la-ciudad-y-la-dge-renuevan-18-colegios-antes-del-inicio-de-clases","status":"publish","type":"post","link":"https:\/\/pasaenmendoza.com\/?p=11622","title":{"rendered":"La Ciudad y la DGE renuevan 18 colegios antes del inicio de clases"},"content":{"rendered":"\n<p>Ante el inminente\u00a0<strong>inicio de las clases<\/strong>, la\u00a0<strong>Ciudad de Mendoza<\/strong>\u00a0junto a la\u00a0<strong>Direcci\u00f3n General de Escuelas<\/strong>\u00a0est\u00e1n llevando, en forma conjunta,\u00a0trabajos de\u00a0<strong>renovaci\u00f3n\u00a0de veredas\u00a0<\/strong>en diferentes\u00a0<strong>establecimientos educativos<\/strong>\u00a0de la Capital. Adem\u00e1s, en algunos casos se mejoran las\u00a0<strong>fachadas, revoques y muros<\/strong>\u00a0en caso de necesidad. El\u00a0<strong>objetivo\u00a0<\/strong>es que tanto vecinos como alumnos, docentes y personal de la instituci\u00f3n y ocasionales transe\u00fantes, gocen de un\u00a0<strong>mejor tr\u00e1nsito\u00a0<\/strong>peatonal en los\u00a0colegios.<\/p>\n\n\n\n<p>Estas mejoras en instituciones educativas del departamento, se llevan a cabo con\u00a0<strong>Fondos Educativos\u00a0<\/strong>de la Direcci\u00f3n General de Escuelas, y se concretan a ra\u00edz del\u00a0<strong>acuerdo rubricado\u00a0<\/strong>entre la Ciudad y la DGE el a\u00f1o pasado. Las empresas encargadas de llevar adelante las obras son Acotur S.A. y Bravin Hnos, y en total, incluyendo todas las veredas de los edificios que se est\u00e1n renovando, ser\u00e1n unos\u00a0<strong>2500 metros cuadrados<\/strong>.<\/p>\n\n\n\n<p>Son\u00a0<strong>18 los espacios contemplados\u00a0<\/strong>en el plan de obra, muchos de los cuales\u00a0fueron visitados por el\u00a0<strong>intendente Ulpiano Suarez\u00a0<\/strong>para la correspondiente supervisi\u00f3n de los trabajos. Por ejemplo en noviembre, junto con\u00a0<strong>Tadeo Garc\u00eda Zalazar<\/strong>, el mandatario asisti\u00f3 a\u00a0la Escuela Videla Correas, luego en diciembre al\u00a0<strong>Colegio Nacional Agust\u00edn \u00c1lvarez<\/strong>, mientras que en enero se\u00a0<strong>recorri\u00f3 la escuela Fray Luis Beltr\u00e1n<\/strong>.<\/p>\n\n\n\n<p><strong>Los avances&nbsp;<\/strong><br>Seg\u00fan las diferentes zonas en las que se agrupan los establecimientos educativos a los efectos de las obras, en el sector N\u00ba 1, ya se finalizaron los trabajos en la Escuela Jos\u00e9 Federico Moreno y Jard\u00edn Ciudadanos del Agua; Jard\u00edn Ciudad de Mendoza y el Colegio Mar\u00eda Auxiliadora. En tanto en la zona 2, ya concluyeron las obras en la Escuela Edmundo De Amicis, Gimnasio N\u00b02 y la Escuela PIO XII.<\/p>\n\n\n\n<p>Mientras que en la Escuela Normal Tom\u00e1s Godoy Cruz, el Colegio Nacional Agust\u00edn \u00c1lvarez, la Escuela Videla Correas, Narciso Laprida y Domingo F. Sarmiento, la Escuela Fray Luis Beltran, Carlos Varas Gazari, y la Escuela Dr. Bernardo Houssay, el avance de los trabajos se encuentran en una etapa superior al\u00a0<strong>80%<\/strong>.<\/p>\n\n\n\n<p>Las escuelas Libertador de los Andes, Ricardo Rojas, y Dr. Gregorio Araoz Alfaro, la Escuela N\u00b01-543 Julio C\u00e9sar Raffo de la Reta se encuentra, en promedio, al inicio de sus trabajos.<\/p>\n\n\n\n<p><strong>Fuente: www.diariomendoza.com.ar<\/strong><\/p>\n","protected":false},"excerpt":{"rendered":"<p>Ante el inminente\u00a0inicio de las clases, la\u00a0Ciudad de Mendoza\u00a0junto a la\u00a0Direcci\u00f3n General de Escuelas\u00a0est\u00e1n llevando, en forma conjunta,\u00a0trabajos de\u00a0renovaci\u00f3n\u00a0de veredas\u00a0en diferentes\u00a0establecimientos educativos\u00a0de la Capital. Adem\u00e1s, en algunos casos se mejoran las\u00a0fachadas, revoques y muros\u00a0en caso de necesidad. El\u00a0objetivo\u00a0es que tanto vecinos como alumnos, docentes y personal de la instituci\u00f3n y ocasionales transe\u00fantes, gocen de un\u00a0mejor [&hellip;]<\/p>\n","protected":false},"author":2,"featured_media":11623,"comment_status":"open","ping_status":"open","sticky":false,"template":"","format":"standard","meta":[],"categories":[47],"tags":[],"_links":{"self":[{"href":"https:\/\/pasaenmendoza.com\/index.php?rest_route=\/wp\/v2\/posts\/11622"}],"collection":[{"href":"https:\/\/pasaenmendoza.com\/index.php?rest_route=\/wp\/v2\/posts"}],"about":[{"href":"https:\/\/pasaenmendoza.com\/index.php?rest_route=\/wp\/v2\/types\/post"}],"author":[{"embeddable":true,"href":"https:\/\/pasaenmendoza.com\/index.php?rest_route=\/wp\/v2\/users\/2"}],"replies":[{"embeddable":true,"href":"https:\/\/pasaenmendoza.com\/index.php?rest_route=%2Fwp%2Fv2%2Fcomments&post=11622"}],"version-history":[{"count":1,"href":"https:\/\/pasaenmendoza.com\/index.php?rest_route=\/wp\/v2\/posts\/11622\/revisions"}],"predecessor-version":[{"id":11624,"href":"https:\/\/pasaenmendoza.com\/index.php?rest_route=\/wp\/v2\/posts\/11622\/revisions\/11624"}],"wp:featuredmedia":[{"embeddable":true,"href":"https:\/\/pasaenmendoza.com\/index.php?rest_route=\/wp\/v2\/media\/11623"}],"wp:attachment":[{"href":"https:\/\/pasaenmendoza.com\/index.php?rest_route=%2Fwp%2Fv2%2Fmedia&parent=11622"}],"wp:term":[{"taxonomy":"category","embeddable":true,"href":"https:\/\/pasaenmendoza.com\/index.php?rest_route=%2Fwp%2Fv2%2Fcategories&post=11622"},{"taxonomy":"post_tag","embeddable":true,"href":"https:\/\/pasaenmendoza.com\/index.php?rest_route=%2Fwp%2Fv2%2Ftags&post=11622"}],"curies":[{"name":"wp","href":"https:\/\/api.w.org\/{rel}","templated":true}]}}