{"id":11625,"date":"2025-02-17T21:44:28","date_gmt":"2025-02-17T20:44:28","guid":{"rendered":"https:\/\/pasaenmendoza.com\/?p=11625"},"modified":"2025-02-17T21:44:29","modified_gmt":"2025-02-17T20:44:29","slug":"los-piojos-en-mendoza-la-posible-fecha-y-el-anuncio-de-ciro-que-enloquecio-a-los-fans","status":"publish","type":"post","link":"https:\/\/pasaenmendoza.com\/?p=11625","title":{"rendered":"Los Piojos en Mendoza: la posible fecha y el anuncio de Ciro que enloqueci\u00f3 a los fans"},"content":{"rendered":"\n<p>Luego de romperla en los shows en el Estadio Diego Armando Maradona de La Plata, que sellaron oficialmente la vuelta de la banda, y tras reventar Cosqu\u00edn Rock este domingo por la noche, Los Piojos se preparan para girar por el pa\u00eds.<\/p>\n\n\n\n<p>Minutos antes de saltar al escenario en la sierra cordobesa, la cuenta oficial de&nbsp;<strong>Los Piojos&nbsp;<\/strong>anunci\u00f3 que el pr\u00f3ximo 26 de abril tocar\u00e1n en Rosario en lo que ser\u00e1 el inicio de una gira nacional de la banda que volvi\u00f3 tras 15 a\u00f1os de separaci\u00f3n. Sin embargo, no fue la \u00fanica informaci\u00f3n que se dio a conocer este domingo.<\/p>\n\n\n\n<p>Con much\u00edsimas menos precisiones y en lo que pareci\u00f3 ser un \u201c<strong><em>acto fallido<\/em><\/strong>\u201d Ciro Mart\u00ednez (l\u00edder del grupo) dijo en pocas palabras que&nbsp;<strong>la banda estar\u00e1 en Mendoza en el mes de mayo<\/strong>, aunque luego se corrigi\u00f3 y dijo \u201c<strong><em>muy pronto<\/em><\/strong>\u201c. R\u00e1pidamente los fans mendocinos enloquecieron por la noticia.<\/p>\n\n\n\n<p>El anuncio tom\u00f3 por sorpresa a varios.\u00a0<strong>Podr\u00eda confirmarse que la fecha ser\u00eda en mayo<\/strong>\u00a0pero se esperar\u00e1 a que la propia banda confirme cu\u00e1ndo y d\u00f3nde, aunque ya se habla de hipot\u00e9ticos escenarios como el\u00a0<strong>Hip\u00f3dromo de Mendoza<\/strong>, que volvi\u00f3 al ruedo con la Fiesta de la Cerveza de Godoy Cruz.<\/p>\n\n\n\n<p>De hecho, en Rosario tocar\u00e1n en el Hip\u00f3dromo de la Ciudad, por lo que se sabe que la banda est\u00e1 buscando escenarios amplios para sus shows.<\/p>\n\n\n\n<p>Si bien a\u00fan no hay datos oficiales, este medio pudo confirmar que\u00a0<strong>Mendoza est\u00e1 dentro del calendario de Los Piojos\u00a0<\/strong>y que la gira seguir\u00e1 por distintos lugares del pa\u00eds.<\/p>\n\n\n\n<p><strong>Fuente: www.elsol.com.ar<\/strong><\/p>\n","protected":false},"excerpt":{"rendered":"<p>Luego de romperla en los shows en el Estadio Diego Armando Maradona de La Plata, que sellaron oficialmente la vuelta de la banda, y tras reventar Cosqu\u00edn Rock este domingo por la noche, Los Piojos se preparan para girar por el pa\u00eds. Minutos antes de saltar al escenario en la sierra cordobesa, la cuenta oficial [&hellip;]<\/p>\n","protected":false},"author":2,"featured_media":11626,"comment_status":"open","ping_status":"open","sticky":false,"template":"","format":"standard","meta":[],"categories":[50],"tags":[],"_links":{"self":[{"href":"https:\/\/pasaenmendoza.com\/index.php?rest_route=\/wp\/v2\/posts\/11625"}],"collection":[{"href":"https:\/\/pasaenmendoza.com\/index.php?rest_route=\/wp\/v2\/posts"}],"about":[{"href":"https:\/\/pasaenmendoza.com\/index.php?rest_route=\/wp\/v2\/types\/post"}],"author":[{"embeddable":true,"href":"https:\/\/pasaenmendoza.com\/index.php?rest_route=\/wp\/v2\/users\/2"}],"replies":[{"embeddable":true,"href":"https:\/\/pasaenmendoza.com\/index.php?rest_route=%2Fwp%2Fv2%2Fcomments&post=11625"}],"version-history":[{"count":1,"href":"https:\/\/pasaenmendoza.com\/index.php?rest_route=\/wp\/v2\/posts\/11625\/revisions"}],"predecessor-version":[{"id":11627,"href":"https:\/\/pasaenmendoza.com\/index.php?rest_route=\/wp\/v2\/posts\/11625\/revisions\/11627"}],"wp:featuredmedia":[{"embeddable":true,"href":"https:\/\/pasaenmendoza.com\/index.php?rest_route=\/wp\/v2\/media\/11626"}],"wp:attachment":[{"href":"https:\/\/pasaenmendoza.com\/index.php?rest_route=%2Fwp%2Fv2%2Fmedia&parent=11625"}],"wp:term":[{"taxonomy":"category","embeddable":true,"href":"https:\/\/pasaenmendoza.com\/index.php?rest_route=%2Fwp%2Fv2%2Fcategories&post=11625"},{"taxonomy":"post_tag","embeddable":true,"href":"https:\/\/pasaenmendoza.com\/index.php?rest_route=%2Fwp%2Fv2%2Ftags&post=11625"}],"curies":[{"name":"wp","href":"https:\/\/api.w.org\/{rel}","templated":true}]}}