{"id":11628,"date":"2025-02-18T14:14:16","date_gmt":"2025-02-18T13:14:16","guid":{"rendered":"https:\/\/pasaenmendoza.com\/?p=11628"},"modified":"2025-02-18T14:14:17","modified_gmt":"2025-02-18T13:14:17","slug":"el-tiempo-este-martes-de-cuanto-sera-la-maxima-en-mendoza","status":"publish","type":"post","link":"https:\/\/pasaenmendoza.com\/?p=11628","title":{"rendered":"El tiempo este martes: de cu\u00e1nto ser\u00e1 la m\u00e1xima en Mendoza"},"content":{"rendered":"\n<p>Sin alertas por&nbsp;<strong>temperaturas extremas&nbsp;<\/strong>ni por fen\u00f3menos como tormentas o lluvias intensas, este martes promete ser un d\u00eda en el que estar\u00e1 mayormente despejado con poco cambio respecto de lo que fue el inicio de la semana.<\/p>\n\n\n\n<p>La m\u00ednima ser\u00e1 de 18 grados y la m\u00e1xima de 31, seg\u00fan indica el pron\u00f3stico. Ser\u00e1 un d\u00eda similar al lunes en cuanto a las&nbsp;<strong>temperaturas<\/strong>.<\/p>\n\n\n\n<p>Sin embargo, las mismas ir\u00e1n en aumento mientras se acerca el fin de semana. Este mi\u00e9rcoles la m\u00e1xima se ir\u00e1 a 34 y para el jueves se esperan unos agobiantes 36.<\/p>\n\n\n\n<p>Ese d\u00eda marcar\u00e1 el inicio de una nueva ola de calor que se extender\u00e1 hasta el lunes con temperaturas que rondar\u00e1n los 38 grados como m\u00e1xima.<\/p>\n\n\n\n<p><strong>Fuente: www.elsol.com.ar<\/strong><\/p>\n","protected":false},"excerpt":{"rendered":"<p>Sin alertas por&nbsp;temperaturas extremas&nbsp;ni por fen\u00f3menos como tormentas o lluvias intensas, este martes promete ser un d\u00eda en el que estar\u00e1 mayormente despejado con poco cambio respecto de lo que fue el inicio de la semana. La m\u00ednima ser\u00e1 de 18 grados y la m\u00e1xima de 31, seg\u00fan indica el pron\u00f3stico. Ser\u00e1 un d\u00eda similar [&hellip;]<\/p>\n","protected":false},"author":2,"featured_media":11629,"comment_status":"open","ping_status":"open","sticky":false,"template":"","format":"standard","meta":[],"categories":[52],"tags":[],"_links":{"self":[{"href":"https:\/\/pasaenmendoza.com\/index.php?rest_route=\/wp\/v2\/posts\/11628"}],"collection":[{"href":"https:\/\/pasaenmendoza.com\/index.php?rest_route=\/wp\/v2\/posts"}],"about":[{"href":"https:\/\/pasaenmendoza.com\/index.php?rest_route=\/wp\/v2\/types\/post"}],"author":[{"embeddable":true,"href":"https:\/\/pasaenmendoza.com\/index.php?rest_route=\/wp\/v2\/users\/2"}],"replies":[{"embeddable":true,"href":"https:\/\/pasaenmendoza.com\/index.php?rest_route=%2Fwp%2Fv2%2Fcomments&post=11628"}],"version-history":[{"count":1,"href":"https:\/\/pasaenmendoza.com\/index.php?rest_route=\/wp\/v2\/posts\/11628\/revisions"}],"predecessor-version":[{"id":11630,"href":"https:\/\/pasaenmendoza.com\/index.php?rest_route=\/wp\/v2\/posts\/11628\/revisions\/11630"}],"wp:featuredmedia":[{"embeddable":true,"href":"https:\/\/pasaenmendoza.com\/index.php?rest_route=\/wp\/v2\/media\/11629"}],"wp:attachment":[{"href":"https:\/\/pasaenmendoza.com\/index.php?rest_route=%2Fwp%2Fv2%2Fmedia&parent=11628"}],"wp:term":[{"taxonomy":"category","embeddable":true,"href":"https:\/\/pasaenmendoza.com\/index.php?rest_route=%2Fwp%2Fv2%2Fcategories&post=11628"},{"taxonomy":"post_tag","embeddable":true,"href":"https:\/\/pasaenmendoza.com\/index.php?rest_route=%2Fwp%2Fv2%2Ftags&post=11628"}],"curies":[{"name":"wp","href":"https:\/\/api.w.org\/{rel}","templated":true}]}}