{"id":1163,"date":"2023-09-04T15:14:52","date_gmt":"2023-09-04T13:14:52","guid":{"rendered":"https:\/\/pasaenmendoza.com\/?p=1163"},"modified":"2023-09-04T15:14:53","modified_gmt":"2023-09-04T13:14:53","slug":"suarez-designo-al-jefe-de-la-policia-como-integrante-del-comite-nacional-anti-saqueos","status":"publish","type":"post","link":"https:\/\/pasaenmendoza.com\/?p=1163","title":{"rendered":"Suarez design\u00f3 al jefe de la Polic\u00eda como integrante del comit\u00e9 nacional \u201canti saqueos\u201d"},"content":{"rendered":"\n<p>El gobernador\u00a0<strong>Rodolfo Suarez<\/strong>\u00a0tom\u00f3 la decisi\u00f3n de designar a\u00a0<strong>Marcelo Calipo<\/strong>, jefe de la Polic\u00eda provincial, como integrante del<strong>\u00a0comando unificado de las fuerzas policiales y de seguridad federal<\/strong>, organismo creado a fines de agosto, en medio de una serie de intentos de saqueos y robos en banda en diferentes puntos del pa\u00eds.<\/p>\n\n\n\n<p>Este organismo fue creado por medio de la Resoluci\u00f3n 575\/2023 firmada por el ministro de Seguridad An\u00edbal Fern\u00e1ndez y publicada en el Bolet\u00edn Oficial de la Naci\u00f3n,\u00a0<mark>tras los robos a supermercados y comercios que se registraron en los \u00faltimos d\u00edas del mes pasado en distintos puntos del pa\u00eds.<\/mark><\/p>\n\n\n\n<p>Este comando tiene \u201c<em>el objetivo espec\u00edfico de ejecutar tareas destinadas a la prevenci\u00f3n de los delitos contra la propiedad y al aseguramiento de cualquier situaci\u00f3n que amenace los derechos y garant\u00edas constitucionales en todo el territorio nacional<\/em>\u201c.<\/p>\n\n\n\n<p>Seg\u00fan la resoluci\u00f3n,\u00a0<mark>cada provincia deb\u00eda tener un representante, y este podr\u00eda ser o el ministro de Seguridad, o alguna autoridad con funciones equivalentes<\/mark>. Es por esto que Calipo cumple con los requisitos del cargo.<\/p>\n\n\n\n<p>Mendoza fue el punto de origen de una serie de incidentes ocurridos d\u00edas despu\u00e9s de la victoria de Javier Milei en las elecciones primarias nacionales y de la posterior devaluaci\u00f3n del 22% llevada adelante por el ministro de Econom\u00eda y candidato a presidente por Uni\u00f3n por la Patria, Sergio Massa.<\/p>\n\n\n\n<p><strong>Fuente: www.elsol.com.ar<\/strong><\/p>\n","protected":false},"excerpt":{"rendered":"<p>El gobernador\u00a0Rodolfo Suarez\u00a0tom\u00f3 la decisi\u00f3n de designar a\u00a0Marcelo Calipo, jefe de la Polic\u00eda provincial, como integrante del\u00a0comando unificado de las fuerzas policiales y de seguridad federal, organismo creado a fines de agosto, en medio de una serie de intentos de saqueos y robos en banda en diferentes puntos del pa\u00eds. Este organismo fue creado por [&hellip;]<\/p>\n","protected":false},"author":2,"featured_media":1164,"comment_status":"open","ping_status":"open","sticky":false,"template":"","format":"standard","meta":[],"categories":[50],"tags":[],"_links":{"self":[{"href":"https:\/\/pasaenmendoza.com\/index.php?rest_route=\/wp\/v2\/posts\/1163"}],"collection":[{"href":"https:\/\/pasaenmendoza.com\/index.php?rest_route=\/wp\/v2\/posts"}],"about":[{"href":"https:\/\/pasaenmendoza.com\/index.php?rest_route=\/wp\/v2\/types\/post"}],"author":[{"embeddable":true,"href":"https:\/\/pasaenmendoza.com\/index.php?rest_route=\/wp\/v2\/users\/2"}],"replies":[{"embeddable":true,"href":"https:\/\/pasaenmendoza.com\/index.php?rest_route=%2Fwp%2Fv2%2Fcomments&post=1163"}],"version-history":[{"count":1,"href":"https:\/\/pasaenmendoza.com\/index.php?rest_route=\/wp\/v2\/posts\/1163\/revisions"}],"predecessor-version":[{"id":1167,"href":"https:\/\/pasaenmendoza.com\/index.php?rest_route=\/wp\/v2\/posts\/1163\/revisions\/1167"}],"wp:featuredmedia":[{"embeddable":true,"href":"https:\/\/pasaenmendoza.com\/index.php?rest_route=\/wp\/v2\/media\/1164"}],"wp:attachment":[{"href":"https:\/\/pasaenmendoza.com\/index.php?rest_route=%2Fwp%2Fv2%2Fmedia&parent=1163"}],"wp:term":[{"taxonomy":"category","embeddable":true,"href":"https:\/\/pasaenmendoza.com\/index.php?rest_route=%2Fwp%2Fv2%2Fcategories&post=1163"},{"taxonomy":"post_tag","embeddable":true,"href":"https:\/\/pasaenmendoza.com\/index.php?rest_route=%2Fwp%2Fv2%2Ftags&post=1163"}],"curies":[{"name":"wp","href":"https:\/\/api.w.org\/{rel}","templated":true}]}}