{"id":11640,"date":"2025-02-18T21:13:41","date_gmt":"2025-02-18T20:13:41","guid":{"rendered":"https:\/\/pasaenmendoza.com\/?p=11640"},"modified":"2025-02-18T21:13:42","modified_gmt":"2025-02-18T20:13:42","slug":"inicio-de-clases-la-venta-informal-y-compras-de-productos-en-chile-impactan-negativamente-en-las-ventas-escolares","status":"publish","type":"post","link":"https:\/\/pasaenmendoza.com\/?p=11640","title":{"rendered":"Inicio de clases: la venta informal y compras de productos en Chile impactan negativamente en las ventas escolares"},"content":{"rendered":"\n<p><strong>El\u00a0inicio del ciclo lectivo en Mendoza\u00a0se presenta con un panorama de incertidumbre para el sector<\/strong>. Gustavo Fern\u00e1ndez, presidente de la C\u00e1mara de Librer\u00edas y Jugueter\u00edas de Mendoza, comparti\u00f3 a este medio la preocupaci\u00f3n ante la baja en las\u00a0ventas, que se asemeja a la ca\u00edda experimentada el a\u00f1o anterior.\u00a0<strong>&#8220;Estamos esperando ansiosamente que venga la gente a comprar&#8221;<\/strong>, expres\u00f3 optimista Fern\u00e1ndez, reflejando la inquietud del sector ante la falta de\u00a0afluencia de compradores\u00a0en los d\u00edas previos al\u00a0comienzo de clases.<\/p>\n\n\n\n<p>Seg\u00fan Fern\u00e1ndez, la situaci\u00f3n actual es similar a la experimentada con las ventas de juguetes para el D\u00eda del Ni\u00f1o y Reyes Magos, donde se observ\u00f3 una postergaci\u00f3n en las compras hasta \u00faltimo momento.<em><strong>\u00a0&#8220;Estamos muy parecidos al a\u00f1o pasado, donde tuvimos una baja importante con respecto a 2023&#8221;<\/strong><\/em>, se\u00f1al\u00f3, indicando que la ca\u00edda en las ventas podr\u00eda alcanzar entre un 40 y un 50% en unidades en comparaci\u00f3n con el a\u00f1o anterior.<\/p>\n\n\n\n<p>A pesar de este escenario, desde el sector se muestran optimistas y conf\u00edan en una recuperaci\u00f3n gradual en los pr\u00f3ximos meses.&nbsp;<em><strong>&#8220;Creemos que en esta semana, a \u00faltimo momento, la gente va a salir a comprar&#8221;<\/strong><\/em>, afirm\u00f3, destacando que los comerciantes est\u00e1n ofreciendo precios competitivos y promociones atractivas para impulsar la demanda y acompa\u00f1ar a las familias en el inicio de clases.<\/p>\n\n\n\n<p>Respecto a los productos m\u00e1s afectados por la postergaci\u00f3n del consumo, Fern\u00e1ndez explic\u00f3 que no se observa una preferencia espec\u00edfica por parte de los compradores. &#8220;No te podr\u00eda decir alg\u00fan producto en especial, sino que estamos viendo que la afluencia de gente en las librer\u00edas no es la que estamos acostumbrados&#8221;, indic\u00f3. Sin embargo, destac\u00f3 que los padres y madres buscan precios, promociones y descuentos por pago al contado o con tarjetas bancarias.<\/p>\n\n\n\n<p>En relaci\u00f3n a los precios, Fern\u00e1ndez asegur\u00f3 que la mercader\u00eda se ha mantenido o incluso ha bajado de precio con respecto al a\u00f1o pasado.<em>&nbsp;&#8220;Hemos tenido, con respecto al a\u00f1o pasado hasta ahora, muy pocos aumentos, casi nada de aumento, y m\u00e1s bien bajas de precio&#8221;<\/em>, afirm\u00f3. Esta situaci\u00f3n, sumada a las promociones y descuentos ofrecidos por los libreros, busca aliviar el bolsillo de las familias en un contexto econ\u00f3mico desafiante.<\/p>\n\n\n\n<p><strong>Gustavo Fern\u00e1ndez tambi\u00e9n expres\u00f3 su preocupaci\u00f3n por la\u00a0competencia desleal proveniente de Chile\u00a0y las ventas informales, como ferias y mesones en la calle, que perjudican a los comercios establecidos.<\/strong>\u00a0Adem\u00e1s, destac\u00f3 la venta de productos de mala calidad o truchos.<\/p>\n\n\n\n<p>En cuanto a las mochilas y otros productos importados, Fern\u00e1ndez explic\u00f3 que existen diferencias significativas entre los productos ofrecidos en Chile y en Argentina.&nbsp;<em>&#8220;En Chile, las mochilas que hay son m\u00e1s chicas que las mochilas que nosotros tenemos. No tienen las licencias&#8221;<\/em>, se\u00f1al\u00f3. Adem\u00e1s, destac\u00f3 que las mochilas argentinas suelen ser de mayor tama\u00f1o y contar con licencias de personajes populares como superh\u00e9roe, dibujos animados, clubes deportivos como Boca y River, lo que justifica su mayor precio.<\/p>\n\n\n\n<p>En relaci\u00f3n a los cuadernos y repuestos, Fern\u00e1ndez indic\u00f3 que tambi\u00e9n existen diferencias en cuanto a la calidad y el gramaje del papel entre los productos de Chile y en Argentina.\u00a0<em>&#8220;Nosotros tenemos cuadernos que es lo que piden en la escuela, el que le dicen A4, el n\u00famero 3, que es papel de 100 gramos, 90 gramos. En Chile manejan otras medidas con un gramaje mucho menor y con tapas flexibles o semiflexibles que no son igual que las de ac\u00e1&#8221;<\/em>, explic\u00f3.<\/p>\n\n\n\n<p>A pesar de la incertidumbre y los desaf\u00edos econ\u00f3micos, el sector se muestra optimista y conf\u00eda en una pronta recuperaci\u00f3n. Los vendedores se comprometen a ofrecer precios competitivos, promociones atractivas y productos de calidad para acompa\u00f1ar a las familias en el inicio del ciclo lectivo.<\/p>\n\n\n\n<p><strong>Fuente: www.diariomendoza.com.ar<\/strong><\/p>\n","protected":false},"excerpt":{"rendered":"<p>El\u00a0inicio del ciclo lectivo en Mendoza\u00a0se presenta con un panorama de incertidumbre para el sector. Gustavo Fern\u00e1ndez, presidente de la C\u00e1mara de Librer\u00edas y Jugueter\u00edas de Mendoza, comparti\u00f3 a este medio la preocupaci\u00f3n ante la baja en las\u00a0ventas, que se asemeja a la ca\u00edda experimentada el a\u00f1o anterior.\u00a0&#8220;Estamos esperando ansiosamente que venga la gente a [&hellip;]<\/p>\n","protected":false},"author":2,"featured_media":11641,"comment_status":"open","ping_status":"open","sticky":false,"template":"","format":"standard","meta":[],"categories":[112],"tags":[],"_links":{"self":[{"href":"https:\/\/pasaenmendoza.com\/index.php?rest_route=\/wp\/v2\/posts\/11640"}],"collection":[{"href":"https:\/\/pasaenmendoza.com\/index.php?rest_route=\/wp\/v2\/posts"}],"about":[{"href":"https:\/\/pasaenmendoza.com\/index.php?rest_route=\/wp\/v2\/types\/post"}],"author":[{"embeddable":true,"href":"https:\/\/pasaenmendoza.com\/index.php?rest_route=\/wp\/v2\/users\/2"}],"replies":[{"embeddable":true,"href":"https:\/\/pasaenmendoza.com\/index.php?rest_route=%2Fwp%2Fv2%2Fcomments&post=11640"}],"version-history":[{"count":1,"href":"https:\/\/pasaenmendoza.com\/index.php?rest_route=\/wp\/v2\/posts\/11640\/revisions"}],"predecessor-version":[{"id":11642,"href":"https:\/\/pasaenmendoza.com\/index.php?rest_route=\/wp\/v2\/posts\/11640\/revisions\/11642"}],"wp:featuredmedia":[{"embeddable":true,"href":"https:\/\/pasaenmendoza.com\/index.php?rest_route=\/wp\/v2\/media\/11641"}],"wp:attachment":[{"href":"https:\/\/pasaenmendoza.com\/index.php?rest_route=%2Fwp%2Fv2%2Fmedia&parent=11640"}],"wp:term":[{"taxonomy":"category","embeddable":true,"href":"https:\/\/pasaenmendoza.com\/index.php?rest_route=%2Fwp%2Fv2%2Fcategories&post=11640"},{"taxonomy":"post_tag","embeddable":true,"href":"https:\/\/pasaenmendoza.com\/index.php?rest_route=%2Fwp%2Fv2%2Ftags&post=11640"}],"curies":[{"name":"wp","href":"https:\/\/api.w.org\/{rel}","templated":true}]}}