{"id":11643,"date":"2025-02-18T21:24:11","date_gmt":"2025-02-18T20:24:11","guid":{"rendered":"https:\/\/pasaenmendoza.com\/?p=11643"},"modified":"2025-02-18T21:24:12","modified_gmt":"2025-02-18T20:24:12","slug":"cornejo-ordeno-tocar-el-sistema-de-subsidios-a-la-tarifa-de-luz-para-beneficiar-a-jubilados","status":"publish","type":"post","link":"https:\/\/pasaenmendoza.com\/?p=11643","title":{"rendered":"Cornejo orden\u00f3 tocar el sistema de subsidios a la tarifa de luz para beneficiar a jubilados"},"content":{"rendered":"\n<p>Luego de que la Naci\u00f3n comenzara un proceso de modificaci\u00f3n del esquema de subsidios al precio de la energ\u00eda y de las\u00a0<strong>tarifas de luz<\/strong>\u00a0vigentes,\u00a0<strong>Alfredo Cornejo<\/strong>\u00a0orden\u00f3 por decreto reevaluar el sistema en\u00a0<strong>Mendoza<\/strong>.<\/p>\n\n\n\n<p>A pedido del Ministerio de Energ\u00eda y Ambiente de Jimena Latorre, el&nbsp;<strong>EPRE<\/strong>&nbsp;formul\u00f3 un informe detallado de los diferentes beneficios que se otorgan actualmente y concluy\u00f3 que existe \u201cmultiplicidad\u201d y que en algunos casos, \u201cest\u00e1n destinados a asistir al mismo universo\u201d, aunque bajo distintas modalidades y formas de implementaci\u00f3n.<\/p>\n\n\n\n<p>El objetivo de los cambios entonces identificar a esos beneficiarios y enfocar la asistencia para el pago de la factura de\u00a0<strong>luz\u00a0<\/strong>hacia los usuarios de mayor vulnerabilidad, entre ellos, los\u00a0<strong>jubilados\u00a0<\/strong>(ver nuevos descuentos al final de la nota).<\/p>\n\n\n\n<p>En el nuevo padr\u00f3n que deber\u00e1 elaborar el\u00a0<strong>EPRE<\/strong>\u00a0para el otorgamiento de\u00a0<strong>subsidios<\/strong>\u00a0y compensaciones, tambi\u00e9n deber\u00e1 tener en cuenta otros criterios de vulnerabilidad como la socioecon\u00f3mica, la zonal y la referida a electrodependencia por cuestiones de salud.<\/p>\n\n\n\n<h2 class=\"wp-block-heading\">Nuevos subsidios del EPRE a la tarifa de luz<\/h2>\n\n\n\n<p>El esquema de subsidios a la<strong>\u00a0tarifa de luz<\/strong>\u00a0pedido por el gobernador Alfredo Cornejo figura en el\u00a0decreto N\u00b0 218 publicado este martes en el Bolet\u00edn Oficial.<\/p>\n\n\n\n<p>En el mismo, se instruye al&nbsp;<strong>EPRE&nbsp;<\/strong>a que mantenga actualizado un Padr\u00f3n de Referencia de Beneficiarios Residenciales de compensaciones en la facturaci\u00f3n del servicio el\u00e9ctrico en base a diferentes criterios.<\/p>\n\n\n\n<h3 class=\"wp-block-heading\">De inclusi\u00f3n:<\/h3>\n\n\n\n<p>Vulnerabilidad Socioecon\u00f3mica: usuarios residenciales titulares del servicio de&nbsp;<strong>luz&nbsp;<\/strong>que sean:<\/p>\n\n\n\n<ul>\n<li><strong>Jubilados<\/strong>, pensionados o trabajadores en relaci\u00f3n de dependencia que perciban una remuneraci\u00f3n bruta menor o igual a DOS (2) Salarios M\u00ednimos Vitales y M\u00f3viles.<\/li>\n\n\n\n<li>Beneficiarios de Pensiones no Contributivas que perciban ingresos mensuales brutos no superiores a dos (2) veces el Salario M\u00ednimo Vital y M\u00f3vil.<\/li>\n\n\n\n<li>Monotributistas inscriptos en una categor\u00eda cuyo ingreso anual mensualizado no supere en dos (2) veces el Salario M\u00ednimo Vital y M\u00f3vil.<\/li>\n\n\n\n<li>Titulares de programas sociales que perciban ingresos mensuales brutos no superiores a dos (2) veces el Salario M\u00ednimo Vital y M\u00f3vil.<\/li>\n\n\n\n<li>Usuarios Inscriptos en el R\u00e9gimen de Monotributo Social que perciban ingresos mensuales brutos no superiores a dos (2) veces el Salario M\u00ednimo Vital y M\u00f3vil.<\/li>\n\n\n\n<li>Usuarios Inscriptos en el R\u00e9gimen Especial de Seguridad Social para empleados del Servicio Dom\u00e9stico (Ley 26.844) que perciban ingresos mensuales brutos no superiores a dos (2) veces el Salario M\u00ednimo Vital y M\u00f3vil.<\/li>\n\n\n\n<li>Usuarios que perciban Seguro de Desempleo.<\/li>\n\n\n\n<li>Titulares de Pensi\u00f3n Vitalicia a Veteranos de Guerra del Atl\u00e1ntico Sur, que perciban ingresos mensuales brutos no superiores a dos (2) veces el Salario M\u00ednimo Vital y M\u00f3vil.<\/li>\n\n\n\n<li>Usuarios que cuenten con Certificado de Discapacidad expedido por autoridad competente, que perciban ingresos mensuales brutos no superiores a dos (2) veces el Salario M\u00ednimo Vital y M\u00f3vil.<\/li>\n<\/ul>\n\n\n\n<p>Vulnerabilidad Zonal: usuarios residenciales titulares del servicio de&nbsp;<strong>luz&nbsp;<\/strong>que vivan en:<\/p>\n\n\n\n<ul>\n<li>Malarg\u00fce.<\/li>\n\n\n\n<li>Localidades Zona Monta\u00f1a, definidas en Decreto N\u00b0 1742\/2016 \u2013 Resoluci\u00f3n SSP N\u00b0 043\/2017 \u2013 Resoluci\u00f3n ex SSP N\u00b0 102\/2019 \u2013 Resoluci\u00f3n ex SSP N\u00b0 082\/2023.<\/li>\n\n\n\n<li>Zonas Rurales.<\/li>\n<\/ul>\n\n\n\n<p>Vulnerabilidad por Electrodependencia por Cuestiones de Salud: sean usuarios residenciales titulares del servicio de&nbsp;<strong>luz&nbsp;<\/strong>o alguna persona que reside en la vivienda abastecida por el suministro.<\/p>\n\n\n\n<h2 class=\"wp-block-heading\">Los que quedan fuera de los subsidios a la luz<\/h2>\n\n\n\n<p>El nuevo esquema tambi\u00e9n incluye criterios de exclusi\u00f3n de los subsidios, para usuarios residenciales titulares del servicio de&nbsp;<strong>luz&nbsp;<\/strong>que:<\/p>\n\n\n\n<ul>\n<li>Perciban ingresos superiores a dos (2) veces el Salario M\u00ednimo Vital y M\u00f3vil.<\/li>\n\n\n\n<li>Posean m\u00e1s de un inmueble a su nombre, seg\u00fan Registro de Propiedad.<\/li>\n\n\n\n<li>Posean un automotor cuyo modelo tenga hasta diez (10) a\u00f1os de antig\u00fcedad. Este criterio no aplica a quienes posean certificado de discapacidad.<\/li>\n\n\n\n<li>Posean embarcaciones de lujo o aeronaves.<\/li>\n<\/ul>\n\n\n\n<h2 class=\"wp-block-heading\">M\u00e1s descuento en la tarifa de luz<\/h2>\n\n\n\n<p>Seg\u00fan la nueva norma, cada usuario estar\u00e1 alcanzado por un \u00fanico beneficio que responde a su evaluaci\u00f3n integral seg\u00fan vulnerabilidad identificada por el&nbsp;<strong>EPRE<\/strong>.<\/p>\n\n\n\n<p>En particular, los cambios incluyen tambi\u00e9n modificaciones en las al\u00edcuotas de descuento que reciben algunos titulares del servicio de\u00a0<strong>luz<\/strong>.<\/p>\n\n\n\n<p>Por ejemplo, el&nbsp;<strong>EPRE&nbsp;<\/strong>deber\u00e1 ampliar la tarifa social para usuarios con vulnerabilidad socioecon\u00f3mica, que hoy son unos 47.000 en Mendoza. Actualmente el beneficio es del 13% (para usuarios hasta 600 kWh bim) y ahora sube al 25% para T1 R1 (consumos de hasta 299 kWh bim), 20% para T1 R2 (consumos entre 300 y 599 kWh bim) y 10% para T1 R3 (consumo desde 600 kWh bim).<\/p>\n\n\n\n<p>Este nuevo esquema, contempla que ning\u00fan usuario vulnerable quede sin el&nbsp;<strong>subsidio&nbsp;<\/strong>(m\u00e1s all\u00e1 de su consumo).<\/p>\n\n\n\n<h2 class=\"wp-block-heading\">Subsidio en la luz para jubilados, autom\u00e1tico<\/h2>\n\n\n\n<p>En el caso de los&nbsp;<strong>jubilados&nbsp;<\/strong>y pensionados, el beneficio se extiende de manera autom\u00e1tica, pasando de favorecer a 9.000 a m\u00e1s de 52.000.<\/p>\n\n\n\n<p>Adem\u00e1s, para estos usuarios se ampl\u00eda el descuento pasando del 50% al 60% para aquellos con consumos hasta 299 kWh. Y no perder\u00e1n el beneficio si superan el nivel de consumo de 299 kWh bimestrales, sino que se le aplicar\u00e1n al total facturado, los descuentos previstos para el&nbsp;<strong>subsidio&nbsp;<\/strong>denominado Tarifa Social.<\/p>\n\n\n\n<p>En este nuevo esquema propuesto, ning\u00fan usuario jubilado vulnerable quedar\u00e1 sin beneficio, manteni\u00e9ndose los incentivos de consumo racional de\u00a0<strong>luz<\/strong>, al ser decrecientes los porcentuales de descuento.<\/p>\n\n\n\n<p><strong>Fuente: www.diariouno.com.ar<\/strong><\/p>\n","protected":false},"excerpt":{"rendered":"<p>Luego de que la Naci\u00f3n comenzara un proceso de modificaci\u00f3n del esquema de subsidios al precio de la energ\u00eda y de las\u00a0tarifas de luz\u00a0vigentes,\u00a0Alfredo Cornejo\u00a0orden\u00f3 por decreto reevaluar el sistema en\u00a0Mendoza. A pedido del Ministerio de Energ\u00eda y Ambiente de Jimena Latorre, el&nbsp;EPRE&nbsp;formul\u00f3 un informe detallado de los diferentes beneficios que se otorgan actualmente y [&hellip;]<\/p>\n","protected":false},"author":2,"featured_media":11644,"comment_status":"open","ping_status":"open","sticky":false,"template":"","format":"standard","meta":[],"categories":[100],"tags":[],"_links":{"self":[{"href":"https:\/\/pasaenmendoza.com\/index.php?rest_route=\/wp\/v2\/posts\/11643"}],"collection":[{"href":"https:\/\/pasaenmendoza.com\/index.php?rest_route=\/wp\/v2\/posts"}],"about":[{"href":"https:\/\/pasaenmendoza.com\/index.php?rest_route=\/wp\/v2\/types\/post"}],"author":[{"embeddable":true,"href":"https:\/\/pasaenmendoza.com\/index.php?rest_route=\/wp\/v2\/users\/2"}],"replies":[{"embeddable":true,"href":"https:\/\/pasaenmendoza.com\/index.php?rest_route=%2Fwp%2Fv2%2Fcomments&post=11643"}],"version-history":[{"count":1,"href":"https:\/\/pasaenmendoza.com\/index.php?rest_route=\/wp\/v2\/posts\/11643\/revisions"}],"predecessor-version":[{"id":11645,"href":"https:\/\/pasaenmendoza.com\/index.php?rest_route=\/wp\/v2\/posts\/11643\/revisions\/11645"}],"wp:featuredmedia":[{"embeddable":true,"href":"https:\/\/pasaenmendoza.com\/index.php?rest_route=\/wp\/v2\/media\/11644"}],"wp:attachment":[{"href":"https:\/\/pasaenmendoza.com\/index.php?rest_route=%2Fwp%2Fv2%2Fmedia&parent=11643"}],"wp:term":[{"taxonomy":"category","embeddable":true,"href":"https:\/\/pasaenmendoza.com\/index.php?rest_route=%2Fwp%2Fv2%2Fcategories&post=11643"},{"taxonomy":"post_tag","embeddable":true,"href":"https:\/\/pasaenmendoza.com\/index.php?rest_route=%2Fwp%2Fv2%2Ftags&post=11643"}],"curies":[{"name":"wp","href":"https:\/\/api.w.org\/{rel}","templated":true}]}}