{"id":11646,"date":"2025-02-18T21:27:23","date_gmt":"2025-02-18T20:27:23","guid":{"rendered":"https:\/\/pasaenmendoza.com\/?p=11646"},"modified":"2025-02-18T21:27:24","modified_gmt":"2025-02-18T20:27:24","slug":"salio-campeon-del-mundo-con-lionel-messi-y-llega-a-godoy-cruz","status":"publish","type":"post","link":"https:\/\/pasaenmendoza.com\/?p=11646","title":{"rendered":"Sali\u00f3 campe\u00f3n del mundo con Lionel Messi y llega a Godoy Cruz"},"content":{"rendered":"\n<p><strong>Godoy Cruz<\/strong>\u00a0venci\u00f3 a V\u00e9lez por 2 a 0 en el Torneo Apertura y marc\u00f3 la despedida de Ernesto Pedernera como entrenador. Este martes asumir\u00e1 por la tarde el nuevo cuerpo t\u00e9cnico al mando, encabezado por\u00a0<strong>Esteban Solari<\/strong>, hermano del Indiecito.<\/p>\n\n\n\n<p>Lo novedoso del nuevo equipo de trabajo encargado de dirigir al Expreso ser\u00e1 la presencia de un integrante que form\u00f3 parte de la delegaci\u00f3n que se consagr\u00f3 campeona del mundo en Qatar 2022.<\/p>\n\n\n\n<p>Entre los nombres que acompa\u00f1ar\u00e1n al flamante entrenador,\u00a0<strong>Esteban Solari<\/strong>, se encuentra\u00a0<strong>Rodrigo Barrios<\/strong>, preparador f\u00edsico de la\u00a0<strong>Selecci\u00f3n argentina<\/strong>\u00a0en el Mundial de Qatar.<\/p>\n\n\n\n<p><strong>Barrios&nbsp;<\/strong>tiene en su historial personal nada m\u00e1s ni nada menos que haber compartido espacio de trabajo con&nbsp;<strong>Lionel Messi, \u00c1ngel Di Mar\u00eda, Rodrigo De Paul<\/strong>&nbsp;y todas las figuras del combinado nacional que trajeron la tercera estrella a nuestro pa\u00eds.<\/p>\n\n\n\n<p>En su recorrido como profesional de la Educaci\u00f3n F\u00edsica, el integrante del cuerpo t\u00e9cnico de Solari adem\u00e1s tuvo paso por Estudiantes de la Plata, Al Hilal, Everton de Chile y Johor Malasia.<\/p>\n\n\n\n<p>Este martes, a partir de las 18 horas, ser\u00e1 presentado junto a\u00a0<strong>Esteban Solari<\/strong>\u00a0y compa\u00f1\u00eda como nuevo miembro del cuerpo t\u00e9cnico que estar\u00e1 al frente de\u00a0<strong>Godoy Cruz<\/strong>. Su debut oficial ser\u00e1 este viernes, en el Malvinas Argentinas, ante Platense desde las 19.15.<\/p>\n\n\n\n<p><strong>Fuente: www.diariouno.com.ar<\/strong><\/p>\n","protected":false},"excerpt":{"rendered":"<p>Godoy Cruz\u00a0venci\u00f3 a V\u00e9lez por 2 a 0 en el Torneo Apertura y marc\u00f3 la despedida de Ernesto Pedernera como entrenador. Este martes asumir\u00e1 por la tarde el nuevo cuerpo t\u00e9cnico al mando, encabezado por\u00a0Esteban Solari, hermano del Indiecito. Lo novedoso del nuevo equipo de trabajo encargado de dirigir al Expreso ser\u00e1 la presencia de [&hellip;]<\/p>\n","protected":false},"author":2,"featured_media":11647,"comment_status":"open","ping_status":"open","sticky":false,"template":"","format":"standard","meta":[],"categories":[81],"tags":[],"_links":{"self":[{"href":"https:\/\/pasaenmendoza.com\/index.php?rest_route=\/wp\/v2\/posts\/11646"}],"collection":[{"href":"https:\/\/pasaenmendoza.com\/index.php?rest_route=\/wp\/v2\/posts"}],"about":[{"href":"https:\/\/pasaenmendoza.com\/index.php?rest_route=\/wp\/v2\/types\/post"}],"author":[{"embeddable":true,"href":"https:\/\/pasaenmendoza.com\/index.php?rest_route=\/wp\/v2\/users\/2"}],"replies":[{"embeddable":true,"href":"https:\/\/pasaenmendoza.com\/index.php?rest_route=%2Fwp%2Fv2%2Fcomments&post=11646"}],"version-history":[{"count":1,"href":"https:\/\/pasaenmendoza.com\/index.php?rest_route=\/wp\/v2\/posts\/11646\/revisions"}],"predecessor-version":[{"id":11648,"href":"https:\/\/pasaenmendoza.com\/index.php?rest_route=\/wp\/v2\/posts\/11646\/revisions\/11648"}],"wp:featuredmedia":[{"embeddable":true,"href":"https:\/\/pasaenmendoza.com\/index.php?rest_route=\/wp\/v2\/media\/11647"}],"wp:attachment":[{"href":"https:\/\/pasaenmendoza.com\/index.php?rest_route=%2Fwp%2Fv2%2Fmedia&parent=11646"}],"wp:term":[{"taxonomy":"category","embeddable":true,"href":"https:\/\/pasaenmendoza.com\/index.php?rest_route=%2Fwp%2Fv2%2Fcategories&post=11646"},{"taxonomy":"post_tag","embeddable":true,"href":"https:\/\/pasaenmendoza.com\/index.php?rest_route=%2Fwp%2Fv2%2Ftags&post=11646"}],"curies":[{"name":"wp","href":"https:\/\/api.w.org\/{rel}","templated":true}]}}