{"id":11649,"date":"2025-02-18T21:32:26","date_gmt":"2025-02-18T20:32:26","guid":{"rendered":"https:\/\/pasaenmendoza.com\/?p=11649"},"modified":"2025-02-18T21:32:27","modified_gmt":"2025-02-18T20:32:27","slug":"mientras-en-las-escuelas-se-debate-la-nueva-oferta-salarial-el-sute-dijo-que-sin-acuerdo-peligra-el-inicio-de-clases","status":"publish","type":"post","link":"https:\/\/pasaenmendoza.com\/?p=11649","title":{"rendered":"Mientras en las escuelas se debate la nueva oferta salarial, el SUTE dijo que sin acuerdo peligra el inicio de clases"},"content":{"rendered":"\n<p>Este lunes 24 de febrero est\u00e1 previsto el inicio del ciclo lectivo 2025 en\u00a0<strong>Mendoza<\/strong>. Sin embargo, todav\u00eda no est\u00e1 resuelta la negociaci\u00f3n salarial entre los\u00a0<strong>docentes<\/strong>\u00a0y el Gobierno de Mendoza y el viernes, el Sindicato Unido de Trabajadores de la Educaci\u00f3n\u00a0(<strong>SUTE<\/strong>) dar\u00e1 su postura si acepta o no el \u00faltimo ofrecimiento del 13% para el primer semestre.<\/p>\n\n\n\n<p>Adem\u00e1s, el\u00a0<strong>salario docente<\/strong>\u00a0se lleva de $570.000 $610.000 para marzo, de acuerdo a lo informado en la \u00faltima paritaria.<\/p>\n\n\n\n<p>&#8220;Hoy las escuelas est\u00e1n debatiendo esta propuesta salarial que nos parec\u00eda que tendr\u00eda que haber tenido otros condimentos, que tendr\u00eda que haber tenido un\u00a0<strong>aumento<\/strong>\u00a0m\u00e1s grande, pero m\u00e1s all\u00e1 de eso se est\u00e1 estudiando la \u00faltima oferta, teniendo en cuenta el contexto en el que estamos. Por eso, creemos que era necesario que se compartiera con las bases&#8221;, dijo el secretario gremial del SUTE.<\/p>\n\n\n\n<p>Correa asegur\u00f3 que entre los trabajadores &#8220;hay muchas dudas&#8221; y que por eso se est\u00e1 haciendo una amplia difusi\u00f3n del simulador y de esta forma ver c\u00f3mo queda el\u00a0<strong>sueldo\u00a0<\/strong>de docentes con antig\u00fcedad, sin ella o con zona y sin zona por citar un ejemplo.<\/p>\n\n\n\n<p>El gremialista anticip\u00f3 que de no haber conformidad con el ofrecimiento del Gobierno de Mendoza habr\u00e1 un&nbsp;<strong>plan de lucha<\/strong>&nbsp;con acciones que afectar\u00e1n el normal inicio de las clases.<\/p>\n\n\n\n<h2 class=\"wp-block-heading\"><strong>Se preparan los mandatos para el plenario del SUTE<\/strong><\/h2>\n\n\n\n<p>El&nbsp;<strong>SUTE<\/strong>&nbsp;definir\u00e1 este viernes en un plenario en Tupungato si acepta la propuesta del 13% de<strong>&nbsp;incremento&nbsp;<\/strong>salarial para el primer semestre del a\u00f1o. Mientras tanto, el jueves se analizar\u00e1n los mandatos que llevar\u00e1 cada departamento.<\/p>\n\n\n\n<p>Del mayor o menor porcentaje de aceptaci\u00f3n que se manifieste en los departamentos, se definir\u00e1 la celeridad para comunicar la decisi\u00f3n de acatar el aumento y dar inicio normalmente al ciclo lectivo 2025. O, en su defecto, iniciar un conflicto docente.<\/p>\n\n\n\n<p>Para el caso de que no haya acuerdo sobre la \u00faltima propuesta del Gobierno de Mendoza, Correa adelant\u00f3: &#8220;La propuesta no responde a lo que nosotros ven\u00edamos reclamando. Falta mucho para estar entre las 5 provincias con mejores salarios, hoy estamos en el puesto 16, hemos perdido mucho a nivel de&nbsp;<strong>poder adquisitivo<\/strong>&nbsp;y de no arribar a un acuerdo vamos a tener que construir un plan de lucha&#8221;.<\/p>\n\n\n\n<h2 class=\"wp-block-heading\"><strong>En qu\u00e9 consiste la oferta salarial del Gobierno<\/strong><\/h2>\n\n\n\n<p>Este lunes, los referentes del gremio y del Gobierno se reunieron para estudiar el \u00faltimo ofrecimiento paritario que lleva el&nbsp;<strong>aumento&nbsp;<\/strong>en el semestre al 13%.<\/p>\n\n\n\n<p>El incremento ser\u00e1 escalonado desde marzo con el primer tramo del 7%, el 2,5% en abril, el 2% en mayo y del 1,5% en junio.<\/p>\n\n\n\n<p>La directora de Pol\u00edtica Salarial del Gobierno de&nbsp;<strong>Mendoza,<\/strong>&nbsp;Mariana Lima, subray\u00f3 que:&#8221; Les hemos acercado una propuesta superadora para el primer semestre de este a\u00f1o, que implica un aumento para el mes de marzo del 7%, del 2,5% en el mes de abril, del 2% en mayo y del 1,5% en junio\u201d.<\/p>\n\n\n\n<p>Y agreg\u00f3 que \u201ctambi\u00e9n les hemos propuesto que el salario docente m\u00ednimo garantizado para el mes de marzo sea de 610.000 pesos. Ellos han receptado la propuesta, la van a bajar a las bases y nos van a acercar una respuesta el pr\u00f3ximo viernes de esta semana&#8221;.<\/p>\n\n\n\n<p><strong>Fuente: www.diariouno.com.ar<\/strong><\/p>\n","protected":false},"excerpt":{"rendered":"<p>Este lunes 24 de febrero est\u00e1 previsto el inicio del ciclo lectivo 2025 en\u00a0Mendoza. Sin embargo, todav\u00eda no est\u00e1 resuelta la negociaci\u00f3n salarial entre los\u00a0docentes\u00a0y el Gobierno de Mendoza y el viernes, el Sindicato Unido de Trabajadores de la Educaci\u00f3n\u00a0(SUTE) dar\u00e1 su postura si acepta o no el \u00faltimo ofrecimiento del 13% para el primer [&hellip;]<\/p>\n","protected":false},"author":2,"featured_media":11650,"comment_status":"open","ping_status":"open","sticky":false,"template":"","format":"standard","meta":[],"categories":[56],"tags":[],"_links":{"self":[{"href":"https:\/\/pasaenmendoza.com\/index.php?rest_route=\/wp\/v2\/posts\/11649"}],"collection":[{"href":"https:\/\/pasaenmendoza.com\/index.php?rest_route=\/wp\/v2\/posts"}],"about":[{"href":"https:\/\/pasaenmendoza.com\/index.php?rest_route=\/wp\/v2\/types\/post"}],"author":[{"embeddable":true,"href":"https:\/\/pasaenmendoza.com\/index.php?rest_route=\/wp\/v2\/users\/2"}],"replies":[{"embeddable":true,"href":"https:\/\/pasaenmendoza.com\/index.php?rest_route=%2Fwp%2Fv2%2Fcomments&post=11649"}],"version-history":[{"count":1,"href":"https:\/\/pasaenmendoza.com\/index.php?rest_route=\/wp\/v2\/posts\/11649\/revisions"}],"predecessor-version":[{"id":11651,"href":"https:\/\/pasaenmendoza.com\/index.php?rest_route=\/wp\/v2\/posts\/11649\/revisions\/11651"}],"wp:featuredmedia":[{"embeddable":true,"href":"https:\/\/pasaenmendoza.com\/index.php?rest_route=\/wp\/v2\/media\/11650"}],"wp:attachment":[{"href":"https:\/\/pasaenmendoza.com\/index.php?rest_route=%2Fwp%2Fv2%2Fmedia&parent=11649"}],"wp:term":[{"taxonomy":"category","embeddable":true,"href":"https:\/\/pasaenmendoza.com\/index.php?rest_route=%2Fwp%2Fv2%2Fcategories&post=11649"},{"taxonomy":"post_tag","embeddable":true,"href":"https:\/\/pasaenmendoza.com\/index.php?rest_route=%2Fwp%2Fv2%2Ftags&post=11649"}],"curies":[{"name":"wp","href":"https:\/\/api.w.org\/{rel}","templated":true}]}}