{"id":11656,"date":"2025-02-19T19:55:22","date_gmt":"2025-02-19T18:55:22","guid":{"rendered":"https:\/\/pasaenmendoza.com\/?p=11656"},"modified":"2025-02-19T20:10:48","modified_gmt":"2025-02-19T19:10:48","slug":"la-dge-cambio-el-calculo-de-las-cuotas-de-escuelas-privadas-y-les-puso-un-tope-anual-del-20","status":"publish","type":"post","link":"https:\/\/pasaenmendoza.com\/?p=11656","title":{"rendered":"La DGE cambi\u00f3 el c\u00e1lculo de las cuotas de escuelas privadas y les puso un tope anual del 20%"},"content":{"rendered":"\n<p>El ministro de Educaci\u00f3n,&nbsp;<strong>Tadeo Garc\u00eda Zalazar<\/strong>, firm\u00f3 este lunes la resoluci\u00f3n para modificar la base de c\u00e1lculo para definir los aumentos de las cuotas de las<strong>&nbsp;escuelas privadas&nbsp;<\/strong>que tienen subsidio del Estado. Este a\u00f1o tomar\u00e1n como base el sueldo testigo de un docente de 10 a\u00f1os de antig\u00fcedad y la inflaci\u00f3n local.<\/p>\n\n\n\n<p>En la misma resoluci\u00f3n, qued\u00f3 establecido que si bien la Direcci\u00f3n de Educaci\u00f3n Privada definir\u00e1 en breve el porcentaje de los aumentos que podr\u00e1n implementar a partir de marzo, esos incrementos tendr\u00e1n un<strong>&nbsp;tope anual del 20% para este 2025<\/strong>.<\/p>\n\n\n\n<p>Hasta ahora la actualizaci\u00f3n de las cuotas de esas<strong>&nbsp;escuelas privadas<\/strong>&nbsp;era bimestral y contemplaba tres variables: un salario testigo docente, el \u00edndice de precios al consumidor publicado por la Direcci\u00f3n de Estad\u00edsticas e Investigaciones Econ\u00f3micas (DEIE) de la provincia y el Coeficiente de variaci\u00f3n salarial (CVS) que mensualmente publicada el INDEC pero con dos meses de atraso.<\/p>\n\n\n\n<p>Sin embargo, hubo una reuni\u00f3n de la Direcci\u00f3n de Educaci\u00f3n Privada con la Asociaci\u00f3n de Colegios Privados, el Consejo de Educaci\u00f3n Cat\u00f3lica, Arquidi\u00f3cesis de Mendoza y de all\u00ed surgi\u00f3 que aquella f\u00f3rmula de actualizaci\u00f3n de las cuotas &#8220;no reflejaba el&nbsp;<strong>progreso de la econom\u00eda<\/strong>&#8220;, de hecho hubo quejas de que las cuotas hab\u00edan quedado atrasadas tras las subas inflacionarias de fines del 2023 y principios del 2024.<\/p>\n\n\n\n<p>De hecho el \u00faltimo aumento que se les habilit\u00f3 fue en diciembre del 2024 cuando subieron un 10,2%.<\/p>\n\n\n\n<p>Por eso ahora se decidi\u00f3 el c\u00e1lculo de la cuota se har\u00e1 en base a lo que cobra un docente con 10 a\u00f1os de antig\u00fcedad y lo que mida la&nbsp;<strong>inflaci\u00f3n local<\/strong>, seg\u00fan los datos de la DEIE. Sobre lo que surja de esa f\u00f3rmula polin\u00f3mica se definir\u00e1n los futuros aumentos.<\/p>\n\n\n\n<p>Tambi\u00e9n se decidi\u00f3 que la&nbsp;<strong>actualizaci\u00f3n<\/strong>&nbsp;de la cuota ser\u00e1&nbsp;<strong>semestralmente<\/strong>&nbsp;siguiendo los aumentos que se reflejen en la paritaria, que el Gobierno pretende que se haga tambi\u00e9n cada 6 meses.<\/p>\n\n\n\n<h2 class=\"wp-block-heading\">C\u00f3mo aumentar\u00e1n las cuotas de las escuelas privadas<\/h2>\n\n\n\n<p>Con esos par\u00e1metros es probable que en las pr\u00f3ximas horas la Direcci\u00f3n de Educaci\u00f3n Privada, que comanda Cecilia P\u00e1ez, difunda el aumento que les habilitar\u00e1 a implementar en marzo a las&nbsp;<strong>escuelas privadas<\/strong>. Si bien oficialmente ese dato a\u00fan no se difunde es probable que ronde entre el 6%.<\/p>\n\n\n\n<p>M\u00e1s all\u00e1 de eso la resoluci\u00f3n que firm\u00f3&nbsp;<strong>Tadeo Garc\u00eda Zalazar<\/strong>&nbsp;dej\u00f3 en claro que esas cuotas de escuelas privadas no podr\u00e1n subir m\u00e1s del 20% este a\u00f1o. Es decir que si la cuota actual fuese de $50.000, con los incrementos de todo el 2025 no podr\u00e1 superar los $60.000.<\/p>\n\n\n\n<p>Seg\u00fan lo que se public\u00f3 en el&nbsp;<strong>Bolet\u00edn Oficial<\/strong>, la forma en que se aplicar\u00e1n esos aumentos son decisi\u00f3n de cada escuela privada.<\/p>\n\n\n\n<p>Tambi\u00e9n se aclara que esa disposici\u00f3n rige para todo el a\u00f1o calendario.<\/p>\n\n\n\n<p><strong>Fuente: www.diariouno.com.ar<\/strong><\/p>\n","protected":false},"excerpt":{"rendered":"<p>El ministro de Educaci\u00f3n,&nbsp;Tadeo Garc\u00eda Zalazar, firm\u00f3 este lunes la resoluci\u00f3n para modificar la base de c\u00e1lculo para definir los aumentos de las cuotas de las&nbsp;escuelas privadas&nbsp;que tienen subsidio del Estado. Este a\u00f1o tomar\u00e1n como base el sueldo testigo de un docente de 10 a\u00f1os de antig\u00fcedad y la inflaci\u00f3n local. En la misma resoluci\u00f3n, [&hellip;]<\/p>\n","protected":false},"author":2,"featured_media":11657,"comment_status":"open","ping_status":"open","sticky":false,"template":"","format":"standard","meta":[],"categories":[56],"tags":[],"_links":{"self":[{"href":"https:\/\/pasaenmendoza.com\/index.php?rest_route=\/wp\/v2\/posts\/11656"}],"collection":[{"href":"https:\/\/pasaenmendoza.com\/index.php?rest_route=\/wp\/v2\/posts"}],"about":[{"href":"https:\/\/pasaenmendoza.com\/index.php?rest_route=\/wp\/v2\/types\/post"}],"author":[{"embeddable":true,"href":"https:\/\/pasaenmendoza.com\/index.php?rest_route=\/wp\/v2\/users\/2"}],"replies":[{"embeddable":true,"href":"https:\/\/pasaenmendoza.com\/index.php?rest_route=%2Fwp%2Fv2%2Fcomments&post=11656"}],"version-history":[{"count":2,"href":"https:\/\/pasaenmendoza.com\/index.php?rest_route=\/wp\/v2\/posts\/11656\/revisions"}],"predecessor-version":[{"id":11662,"href":"https:\/\/pasaenmendoza.com\/index.php?rest_route=\/wp\/v2\/posts\/11656\/revisions\/11662"}],"wp:featuredmedia":[{"embeddable":true,"href":"https:\/\/pasaenmendoza.com\/index.php?rest_route=\/wp\/v2\/media\/11657"}],"wp:attachment":[{"href":"https:\/\/pasaenmendoza.com\/index.php?rest_route=%2Fwp%2Fv2%2Fmedia&parent=11656"}],"wp:term":[{"taxonomy":"category","embeddable":true,"href":"https:\/\/pasaenmendoza.com\/index.php?rest_route=%2Fwp%2Fv2%2Fcategories&post=11656"},{"taxonomy":"post_tag","embeddable":true,"href":"https:\/\/pasaenmendoza.com\/index.php?rest_route=%2Fwp%2Fv2%2Ftags&post=11656"}],"curies":[{"name":"wp","href":"https:\/\/api.w.org\/{rel}","templated":true}]}}