{"id":11659,"date":"2025-02-19T20:10:05","date_gmt":"2025-02-19T19:10:05","guid":{"rendered":"https:\/\/pasaenmendoza.com\/?p=11659"},"modified":"2025-02-19T20:10:06","modified_gmt":"2025-02-19T19:10:06","slug":"el-gobierno-quiere-realizar-compras-oficiales-a-traves-de-marketplace-y-mercado-libre","status":"publish","type":"post","link":"https:\/\/pasaenmendoza.com\/?p=11659","title":{"rendered":"El Gobierno quiere realizar compras oficiales a trav\u00e9s de Marketplace y Mercado Libre"},"content":{"rendered":"\n<p>El Ministerio de Gobierno, Infraestructura y Desarrollo Territorial present\u00f3 en la Legislatura Provincial el proyecto de ley para la creaci\u00f3n e implementaci\u00f3n del&nbsp;<em>\u201cSistema de Administraci\u00f3n P\u00fablica Digital de Mendoza\u201d<\/em>, con el que busca, entre otras cuestiones, poder realizar compras a trav\u00e9s de plataformas online o de comercio electr\u00f3nico, como Marketplace (Facebook) y Mercado Libre, respectivamente.<\/p>\n\n\n\n<p>\u201c<em>En materia de contrataciones p\u00fablicas, la ley propone la adopci\u00f3n de plataformas de comercio electr\u00f3nico y marketplaces digitales, en l\u00ednea con modelos internacionales exitosos. Esto permitir\u00e1 mayor competitividad, transparencia y eficiencia en la adquisici\u00f3n de bienes y servicios por parte del Estado<\/em>\u201c, se\u00f1alaron desde el Ejecutivo provincial.<\/p>\n\n\n\n<p><object data=\"https:\/\/www.elsol.com.ar\/wp-content\/uploads\/2025\/02\/NO-2025-00001484-HCDMZA-MESLE.pdf\" type=\"application\/pdf\"><\/object><\/p>\n\n\n\n<p>Por otra parte, pretende crear el\u00a0<strong>Ecosistema Digital de Integrabilidad de Mendoza (EDIMza<\/strong>), con el que busca mejorar la conexi\u00f3n entre los diferentes entes, ministerios y organismos del Estado.<\/p>\n\n\n\n<p>En tanto, el proyecto contempla la incorporaci\u00f3n a la plataforma&nbsp;<em>\u201cMendoza por Mi\u201d<\/em>&nbsp;de documentos de identificaci\u00f3n digital, portadocumentos digitales y notificaciones electr\u00f3nicas.<\/p>\n\n\n\n<p><strong>Facundo Biffi<\/strong>, director General de Modernizaci\u00f3n, destac\u00f3 que el esp\u00edritu del proyecto es agilizar la relaci\u00f3n Estado-ciudadanos.<\/p>\n\n\n\n<p><em>\u201cDe alguna manera esta ley establece principios y est\u00e1ndares para la interoperabilidad de la administraci\u00f3n p\u00fablica en s\u00ed misma, y la interacci\u00f3n con el ciudadano, a los efectos se que sean ambas m\u00e1s agiles y eficientes\u201d<\/em>, indic\u00f3 Biffi.<\/p>\n\n\n\n<p>El funcionario asegur\u00f3 adem\u00e1s que de aprobarse este proyecto,&nbsp;<strong>obligar\u00e1 a revisar procesos burocr\u00e1ticos<\/strong>&nbsp;que actualmente tiene la administraci\u00f3n central de la provincia.<\/p>\n\n\n\n<p><em>\u201cLa prioridad es la implementaci\u00f3n de las herramientas digitales. Esto obliga a revisar procesos y procedimientos para dar cumplimiento a nuevas metodolog\u00edas necesarias para las actividades cotidianas de vinculaci\u00f3n con el Estado. De esta manera Mendoza se posiciona a la vanguardia con un plan de integral de modernizaci\u00f3n\u201d<\/em>, explic\u00f3\u00a0<strong>Biffi<\/strong>.<\/p>\n\n\n\n<p><strong>Fuente: www.elsol.com.ar<\/strong><\/p>\n","protected":false},"excerpt":{"rendered":"<p>El Ministerio de Gobierno, Infraestructura y Desarrollo Territorial present\u00f3 en la Legislatura Provincial el proyecto de ley para la creaci\u00f3n e implementaci\u00f3n del&nbsp;\u201cSistema de Administraci\u00f3n P\u00fablica Digital de Mendoza\u201d, con el que busca, entre otras cuestiones, poder realizar compras a trav\u00e9s de plataformas online o de comercio electr\u00f3nico, como Marketplace (Facebook) y Mercado Libre, respectivamente. [&hellip;]<\/p>\n","protected":false},"author":2,"featured_media":11660,"comment_status":"open","ping_status":"open","sticky":false,"template":"","format":"standard","meta":[],"categories":[47],"tags":[],"_links":{"self":[{"href":"https:\/\/pasaenmendoza.com\/index.php?rest_route=\/wp\/v2\/posts\/11659"}],"collection":[{"href":"https:\/\/pasaenmendoza.com\/index.php?rest_route=\/wp\/v2\/posts"}],"about":[{"href":"https:\/\/pasaenmendoza.com\/index.php?rest_route=\/wp\/v2\/types\/post"}],"author":[{"embeddable":true,"href":"https:\/\/pasaenmendoza.com\/index.php?rest_route=\/wp\/v2\/users\/2"}],"replies":[{"embeddable":true,"href":"https:\/\/pasaenmendoza.com\/index.php?rest_route=%2Fwp%2Fv2%2Fcomments&post=11659"}],"version-history":[{"count":1,"href":"https:\/\/pasaenmendoza.com\/index.php?rest_route=\/wp\/v2\/posts\/11659\/revisions"}],"predecessor-version":[{"id":11661,"href":"https:\/\/pasaenmendoza.com\/index.php?rest_route=\/wp\/v2\/posts\/11659\/revisions\/11661"}],"wp:featuredmedia":[{"embeddable":true,"href":"https:\/\/pasaenmendoza.com\/index.php?rest_route=\/wp\/v2\/media\/11660"}],"wp:attachment":[{"href":"https:\/\/pasaenmendoza.com\/index.php?rest_route=%2Fwp%2Fv2%2Fmedia&parent=11659"}],"wp:term":[{"taxonomy":"category","embeddable":true,"href":"https:\/\/pasaenmendoza.com\/index.php?rest_route=%2Fwp%2Fv2%2Fcategories&post=11659"},{"taxonomy":"post_tag","embeddable":true,"href":"https:\/\/pasaenmendoza.com\/index.php?rest_route=%2Fwp%2Fv2%2Ftags&post=11659"}],"curies":[{"name":"wp","href":"https:\/\/api.w.org\/{rel}","templated":true}]}}