{"id":1166,"date":"2023-09-04T15:19:14","date_gmt":"2023-09-04T13:19:14","guid":{"rendered":"https:\/\/pasaenmendoza.com\/?p=1166"},"modified":"2023-09-04T15:19:15","modified_gmt":"2023-09-04T13:19:15","slug":"hoy-lunes-la-legislatura-vuelve-a-discutir-el-item-aula-por-pedido-del-peronismo","status":"publish","type":"post","link":"https:\/\/pasaenmendoza.com\/?p=1166","title":{"rendered":"Hoy lunes la Legislatura vuelve a discutir el \u00edtem aula por pedido del peronismo"},"content":{"rendered":"\n<p>El\u00a0<strong>\u00edtem aula<\/strong>\u00a0vuelve a estar en debate. La\u00a0<strong>Legislatura\u00a0<\/strong>de Mendoza\u00a0sesionar\u00e1 desde las 10 de la ma\u00f1ana\u00a0para tratar un proyecto del peronismo que busca hacer un cambio fundamental: b\u00e1sicamente, eliminar ese plus y que una porci\u00f3n equivalente a \u00e9l pase de modo directo -sin importar presentismo- al salario de los docentes. En el conteo previo, no le dan los n\u00fameros para hacer modificaciones.<\/p>\n\n\n\n<p><strong>&#8220;\u00a1Lo logramos! Estamos dando un gran paso en defensa de la educaci\u00f3n p\u00fablica<\/strong>\u00a0y en favor de nuestros docentes, que han sido maltratados por a\u00f1os&#8221;. As\u00ed,<strong>\u00a0Omar\u00a0Parisi,<\/strong> el candidato a gobernador del PJ, anunciaba en sus redes<strong>\u00a0la sesi\u00f3n especial que hab\u00eda sido concedida<\/strong>. Seis miembros de su espacio -el m\u00ednimo que se exige para este tipo de convocatorias-, lo solicitaron y obtuvieron una respuesta favorable para su intento de\u00a0<strong>modificar la normativa.<\/strong><\/p>\n\n\n\n<p><strong>&#8220;Der\u00f3guese el art\u00edculo 6 del decreto 228\/16 del Poder Ejecutivo<\/strong>, que impone el llamado &#8216;\u00edtem aula&#8217;. Las sumas salariales establecidas en el denominado \u00edtem<strong>\u00a0se incorporan al salario b\u00e1sico&#8221;<\/strong>, expresan los \u00fanicos dos art\u00edculos del texto, que fue presentado por el presidente de la bancada peronista -y candidato a vicegobernador-\u00a0<strong>Lucas Ilardo.<\/strong><\/p>\n\n\n\n<p>\u00bfQu\u00e9 se har\u00e1 en el Senado este lunes, entonces? Son cuatro pasos, y para todos<strong>&nbsp;el PJ necesita contar con un n\u00famero de adhesiones que por s\u00ed s\u00f3lo no tiene.<\/strong>&nbsp;En primer lugar, pedir\u00eda que se trate su propuesta. Para eso ya necesitar\u00eda&nbsp;<strong>mayor\u00eda especial, dos tercios,<\/strong>&nbsp;que es pr\u00e1cticamente&nbsp;<strong>imposible a\u00fan para el oficialismo<\/strong>, la fuerza mayoritaria en ese cuerpo.<\/p>\n\n\n\n<p>En segundo lugar,\u00a0<strong>la c\u00e1mara se transformar\u00eda en comisi\u00f3n para darle despacho,<\/strong>\u00a0aunque en ese caso podr\u00eda establecer un despacho minoritario y de esa forma sentarse a debatir. A partir de ah\u00ed, si logra que su idea trasponga la comisi\u00f3n especial en la que se habr\u00e1 constituido todo el Senado mendocino, podr\u00e1 tratar minutos despu\u00e9s, su propio proyecto. &#8220;Lo \u00fanico que han logrado es sentarnos a todos ah\u00ed, sin tener los n\u00fameros para darle forma, s\u00f3lo en pos de darle el gusto a un candidato&#8221;, rezong\u00f3 a UNO un radical.<\/p>\n\n\n\n<p><strong>Fuente: www.diariouno.com.ar<\/strong><\/p>\n","protected":false},"excerpt":{"rendered":"<p>El\u00a0\u00edtem aula\u00a0vuelve a estar en debate. La\u00a0Legislatura\u00a0de Mendoza\u00a0sesionar\u00e1 desde las 10 de la ma\u00f1ana\u00a0para tratar un proyecto del peronismo que busca hacer un cambio fundamental: b\u00e1sicamente, eliminar ese plus y que una porci\u00f3n equivalente a \u00e9l pase de modo directo -sin importar presentismo- al salario de los docentes. En el conteo previo, no le dan [&hellip;]<\/p>\n","protected":false},"author":2,"featured_media":1168,"comment_status":"open","ping_status":"open","sticky":false,"template":"","format":"standard","meta":[],"categories":[56],"tags":[],"_links":{"self":[{"href":"https:\/\/pasaenmendoza.com\/index.php?rest_route=\/wp\/v2\/posts\/1166"}],"collection":[{"href":"https:\/\/pasaenmendoza.com\/index.php?rest_route=\/wp\/v2\/posts"}],"about":[{"href":"https:\/\/pasaenmendoza.com\/index.php?rest_route=\/wp\/v2\/types\/post"}],"author":[{"embeddable":true,"href":"https:\/\/pasaenmendoza.com\/index.php?rest_route=\/wp\/v2\/users\/2"}],"replies":[{"embeddable":true,"href":"https:\/\/pasaenmendoza.com\/index.php?rest_route=%2Fwp%2Fv2%2Fcomments&post=1166"}],"version-history":[{"count":1,"href":"https:\/\/pasaenmendoza.com\/index.php?rest_route=\/wp\/v2\/posts\/1166\/revisions"}],"predecessor-version":[{"id":1169,"href":"https:\/\/pasaenmendoza.com\/index.php?rest_route=\/wp\/v2\/posts\/1166\/revisions\/1169"}],"wp:featuredmedia":[{"embeddable":true,"href":"https:\/\/pasaenmendoza.com\/index.php?rest_route=\/wp\/v2\/media\/1168"}],"wp:attachment":[{"href":"https:\/\/pasaenmendoza.com\/index.php?rest_route=%2Fwp%2Fv2%2Fmedia&parent=1166"}],"wp:term":[{"taxonomy":"category","embeddable":true,"href":"https:\/\/pasaenmendoza.com\/index.php?rest_route=%2Fwp%2Fv2%2Fcategories&post=1166"},{"taxonomy":"post_tag","embeddable":true,"href":"https:\/\/pasaenmendoza.com\/index.php?rest_route=%2Fwp%2Fv2%2Ftags&post=1166"}],"curies":[{"name":"wp","href":"https:\/\/api.w.org\/{rel}","templated":true}]}}