{"id":11663,"date":"2025-02-19T20:21:24","date_gmt":"2025-02-19T19:21:24","guid":{"rendered":"https:\/\/pasaenmendoza.com\/?p=11663"},"modified":"2025-02-19T20:21:25","modified_gmt":"2025-02-19T19:21:25","slug":"licencias-de-conducir-y-rto-en-mendoza-preparan-mas-cambios-para-los-conductores","status":"publish","type":"post","link":"https:\/\/pasaenmendoza.com\/?p=11663","title":{"rendered":"Licencias de conducir y RTO: en Mendoza preparan m\u00e1s cambios para los conductores"},"content":{"rendered":"\n<p>El Gobierno nacional har\u00e1 modificaciones en varios aspectos de la&nbsp;<strong>Ley Nacional de Tr\u00e1nsito<\/strong>, entre ellos, eliminar\u00e1 el tr\u00e1mite del cambio de domicilio en el&nbsp;<strong>Documento Nacional de Identidad&nbsp;<\/strong>(DNI) para renovar la&nbsp;<strong>licencia de conducir<\/strong>. Esa medida ha sido recibida con&nbsp;<em>\u201cbuenos ojos\u201d<\/em>&nbsp;en Mendoza, pero destacaron que la provincia ya ven\u00eda trabajando en distintas reformas.&nbsp;<\/p>\n\n\n\n<p>La idea original de la gesti\u00f3n de\u00a0<strong>Javier Milei<\/strong>\u00a0es que las licencias particulares de conducir\u00a0<strong>no tengan vencimiento<\/strong>. Sin embargo, todo apunta a que esta medida podr\u00eda quedar para un segundo paquete de reformas.\u00a0<\/p>\n\n\n\n<p>Lejos de oponerse a la iniciativa nacional, la propuesta fue aceptada\u00a0<em>\u201cdesde varios sectores\u201d<\/em>\u00a0de la provincia y adelantaron que ser\u00eda\u00a0<em>\u201c\u00fatil modificar algunos aspectos\u201d<\/em>. Entre otras cuestiones, en Mendoza consideran que es importante darle prioridad a los\u00a0<strong>choferes profesionales<\/strong>\u00a0que actualizan su\u00a0<em>\u201clicencia de transporte\u201d<\/em>.\u00a0<\/p>\n\n\n\n<p><strong>Orlando Corval\u00e1n<\/strong>, director Unidad Ejecutiva de Seguridad Vial, se mostr\u00f3 a favor de los cambios en algunos aspectos de los requisitos para la entrega de las\u00a0<strong>licencias de conducir por parte de municipios<\/strong>. \u201c<em>Entiendo que hay conductores que, a la hora de tramitarla, tienen declarado el\u00a0<strong>domicilio en un lugar y con el paso de los a\u00f1os se terminan mudando<\/strong><\/em>\u201c, sostuvo el funcionario provincial.<\/p>\n\n\n\n<p>Incluso, cuando estos datos no coinciden, les piden a la persona volver al departamento en el cual tramitaron la licencia o, en su defecto, actualizar la informaci\u00f3n<em>&nbsp;\u201ccon el costo que eso significa\u201d<\/em>.&nbsp;<\/p>\n\n\n\n<p><em>\u201cLa idea es hacerle la vida m\u00e1s f\u00e1cil a los conductores y son cambios que venimos trabajando e impulsando hace a\u00f1os en la provincia\u201d<\/em>, detall\u00f3.&nbsp;<\/p>\n\n\n\n<p>Actualmente, hasta que no salga el decreto oficial,<strong>&nbsp;si pasan 90 d\u00edas y no se informa el cambio de domicilio<\/strong>, autom\u00e1ticamente la<strong>&nbsp;licencia de conducir caduca<\/strong>&nbsp;y la renovaci\u00f3n tendr\u00e1 un costo econ\u00f3mico, algo que<em>&nbsp;\u201cse quiere evitar\u201d<\/em>.&nbsp;<\/p>\n\n\n\n<p>Adem\u00e1s de esta modificaci\u00f3n, el director Unidad Ejecutiva de Seguridad Vial revel\u00f3 que en Mendoza se est\u00e1 trabajando para&nbsp;<strong>quitar el examen te\u00f3rico a los adultos mayores<\/strong>&nbsp;y en&nbsp;<strong>extender las licencias de los profesionales a 5 a\u00f1os<\/strong>. Esto \u00faltimo marcar\u00eda tambi\u00e9n que este sector pueda realizar el tr\u00e1mite hasta los 65 o 70 a\u00f1os.<\/p>\n\n\n\n<p>La \u00faltima reforma del Gobierno en este sentido hizo que los plazos de renovaci\u00f3n del carnet se extendiera por 10 a\u00f1os para los conductores particulares.<\/p>\n\n\n\n<h2 class=\"wp-block-heading\" id=\"h-rto-nacion-extendio-los-plazos-y-mendoza\">RTO: Naci\u00f3n extendi\u00f3 los plazos, \u00bfy Mendoza?<\/h2>\n\n\n\n<p>Otra de las medidas esperadas por los automovilistas es la modificaci\u00f3n en los plazos de la&nbsp;<strong>Revisaci\u00f3n T\u00e9cnica Obligatoria<\/strong>&nbsp;(RTO). Los autos particulares nuevos, seg\u00fan anunci\u00f3 Naci\u00f3n, tendr\u00e1n que hacer la primera verificaci\u00f3n a partir del quinto a\u00f1o desde el alta como&nbsp;<strong>OKM<\/strong>&nbsp;y los veh\u00edculos con m\u00e1s de diez a\u00f1os un chequeo mec\u00e1nico cada dos a\u00f1os.<\/p>\n\n\n\n<ul>\n<li><strong>Autos particulares OKM<\/strong>: la RTO se deber\u00e1 realizar por primera vez a partir de los cinco a\u00f1os desde la fecha de patentamiento.<\/li>\n\n\n\n<li><strong>Autos de m\u00e1s de 10 a\u00f1os de antig\u00fcedad<\/strong>: la RTO se deber\u00e1 realizar cada dos a\u00f1os en veh\u00edculos particulares.\u00a0<\/li>\n<\/ul>\n\n\n\n<p><strong>Fabricio Belardinelli<\/strong>, presidente de la c\u00e1mara mendocina de la&nbsp;<strong>RTO<\/strong>, advirti\u00f3 que en la provincia existe una norma vigente en la que&nbsp;<em>\u201cno se pueden abrir m\u00e1s talleres\u201d&nbsp;<\/em>y que no pasa por una cuesti\u00f3n de si es un auto OKM, sino en el estado<em>&nbsp;\u201ccr\u00edtico de las rutas\u201d<\/em>.<\/p>\n\n\n\n<p><em>\u201c<strong>Hay que ver primero c\u00f3mo se adhiere la provincia y la forma en la que se reglamenta<\/strong>. Pero no es una cuesti\u00f3n de los a\u00f1os que poseen el veh\u00edculo, sino de las condiciones que tenemos en las rutas\u201d<\/em>, sentenci\u00f3.<\/p>\n\n\n\n<p>Sin importar los a\u00f1os del rodado, el titular del sector explic\u00f3 que el veh\u00edculo tiene un desgaste por el estado de las calles y rutas. Por este motivo<em>\u00a0\u201c<\/em><strong><em>no estamos en condiciones de extender los plazos\u201d<\/em>.<\/strong><\/p>\n\n\n\n<p><strong>Fuente: www.elsol.com.ar<\/strong><\/p>\n","protected":false},"excerpt":{"rendered":"<p>El Gobierno nacional har\u00e1 modificaciones en varios aspectos de la&nbsp;Ley Nacional de Tr\u00e1nsito, entre ellos, eliminar\u00e1 el tr\u00e1mite del cambio de domicilio en el&nbsp;Documento Nacional de Identidad&nbsp;(DNI) para renovar la&nbsp;licencia de conducir. Esa medida ha sido recibida con&nbsp;\u201cbuenos ojos\u201d&nbsp;en Mendoza, pero destacaron que la provincia ya ven\u00eda trabajando en distintas reformas.&nbsp; La idea original de [&hellip;]<\/p>\n","protected":false},"author":2,"featured_media":11664,"comment_status":"open","ping_status":"open","sticky":false,"template":"","format":"standard","meta":[],"categories":[86],"tags":[],"_links":{"self":[{"href":"https:\/\/pasaenmendoza.com\/index.php?rest_route=\/wp\/v2\/posts\/11663"}],"collection":[{"href":"https:\/\/pasaenmendoza.com\/index.php?rest_route=\/wp\/v2\/posts"}],"about":[{"href":"https:\/\/pasaenmendoza.com\/index.php?rest_route=\/wp\/v2\/types\/post"}],"author":[{"embeddable":true,"href":"https:\/\/pasaenmendoza.com\/index.php?rest_route=\/wp\/v2\/users\/2"}],"replies":[{"embeddable":true,"href":"https:\/\/pasaenmendoza.com\/index.php?rest_route=%2Fwp%2Fv2%2Fcomments&post=11663"}],"version-history":[{"count":1,"href":"https:\/\/pasaenmendoza.com\/index.php?rest_route=\/wp\/v2\/posts\/11663\/revisions"}],"predecessor-version":[{"id":11665,"href":"https:\/\/pasaenmendoza.com\/index.php?rest_route=\/wp\/v2\/posts\/11663\/revisions\/11665"}],"wp:featuredmedia":[{"embeddable":true,"href":"https:\/\/pasaenmendoza.com\/index.php?rest_route=\/wp\/v2\/media\/11664"}],"wp:attachment":[{"href":"https:\/\/pasaenmendoza.com\/index.php?rest_route=%2Fwp%2Fv2%2Fmedia&parent=11663"}],"wp:term":[{"taxonomy":"category","embeddable":true,"href":"https:\/\/pasaenmendoza.com\/index.php?rest_route=%2Fwp%2Fv2%2Fcategories&post=11663"},{"taxonomy":"post_tag","embeddable":true,"href":"https:\/\/pasaenmendoza.com\/index.php?rest_route=%2Fwp%2Fv2%2Ftags&post=11663"}],"curies":[{"name":"wp","href":"https:\/\/api.w.org\/{rel}","templated":true}]}}