{"id":11666,"date":"2025-02-19T20:30:35","date_gmt":"2025-02-19T19:30:35","guid":{"rendered":"https:\/\/pasaenmendoza.com\/?p=11666"},"modified":"2025-02-19T20:30:36","modified_gmt":"2025-02-19T19:30:36","slug":"una-pinturita-asi-luce-el-gambarte-con-los-ultimos-avances","status":"publish","type":"post","link":"https:\/\/pasaenmendoza.com\/?p=11666","title":{"rendered":"Una pinturita: as\u00ed luce el Gambarte con los \u00faltimos avances"},"content":{"rendered":"\n<p>En medio de una semana convulsionada,\u00a0marcada por\u00a0la salida de Ernesto Pedernera y la llegada de Esteban Solari a la conducci\u00f3n t\u00e9cnica,\u00a0<strong>Godoy Cruz\u00a0<\/strong>no cesa los trabajos en el\u00a0<strong>Feliciano Gambarte<\/strong>\u00a0y contin\u00faa desarrollando distintos tipos de obras para poder cumplir con el gran sue\u00f1o de la instituci\u00f3n: la vuelta a casa.<\/p>\n\n\n\n<p>Este mi\u00e9rcoles, el Tomba realiz\u00f3 una publicaci\u00f3n en sus redes sociales\u00a0luciendo los detalles y las tareas que se llevaron a cabo a lo largo de las \u00faltimas semanas en su cancha. La\u00a0descripci\u00f3n de la misma\u00a0afirma: &#8220;\u00bfDamos una vuelta por casa?\u00a0\u00a1As\u00ed se ven los nuevos avances en el\u00a0<strong>Feliciano Gambarte<\/strong>!&#8221;.\u00a0<\/p>\n\n\n\n<p>Entre las obras se encuentran el montaje de la\u00a0tabiquer\u00eda en la zona de los palcos, el mejoramiento del campo de juego, la nivelaci\u00f3n del suelo en el sector sur, la primera mano de pintura en el vestuario local, la instalaci\u00f3n el\u00e9ctrica local, colocaci\u00f3n de cer\u00e1micos (tambi\u00e9n en el vestuario visitante) y puertas en dep\u00f3sitos, m\u00e1s la tabiquer\u00eda correspondiente al vestuario de la visita.<\/p>\n\n\n\n<p>Todos estos trabajos generan una gran ilusi\u00f3n en los fan\u00e1ticos de\u00a0<strong>Godoy Cruz<\/strong>, que cada vez est\u00e1n m\u00e1s cerca de poder concretar su m\u00e1ximo anhelo. A su vez, la intenci\u00f3n de la dirigencia del Expreso es poder inaugurar el estadio entre abril y mayo, aunque para ello habr\u00e1 que tener paciencia y esperar a que se terminen de concretar los \u00faltimos detalles puntuales de la construcci\u00f3n.<\/p>\n\n\n\n<p><strong>Fuente: www.mdzol.com<\/strong><\/p>\n","protected":false},"excerpt":{"rendered":"<p>En medio de una semana convulsionada,\u00a0marcada por\u00a0la salida de Ernesto Pedernera y la llegada de Esteban Solari a la conducci\u00f3n t\u00e9cnica,\u00a0Godoy Cruz\u00a0no cesa los trabajos en el\u00a0Feliciano Gambarte\u00a0y contin\u00faa desarrollando distintos tipos de obras para poder cumplir con el gran sue\u00f1o de la instituci\u00f3n: la vuelta a casa. Este mi\u00e9rcoles, el Tomba realiz\u00f3 una publicaci\u00f3n [&hellip;]<\/p>\n","protected":false},"author":2,"featured_media":11667,"comment_status":"open","ping_status":"open","sticky":false,"template":"","format":"standard","meta":[],"categories":[81],"tags":[],"_links":{"self":[{"href":"https:\/\/pasaenmendoza.com\/index.php?rest_route=\/wp\/v2\/posts\/11666"}],"collection":[{"href":"https:\/\/pasaenmendoza.com\/index.php?rest_route=\/wp\/v2\/posts"}],"about":[{"href":"https:\/\/pasaenmendoza.com\/index.php?rest_route=\/wp\/v2\/types\/post"}],"author":[{"embeddable":true,"href":"https:\/\/pasaenmendoza.com\/index.php?rest_route=\/wp\/v2\/users\/2"}],"replies":[{"embeddable":true,"href":"https:\/\/pasaenmendoza.com\/index.php?rest_route=%2Fwp%2Fv2%2Fcomments&post=11666"}],"version-history":[{"count":1,"href":"https:\/\/pasaenmendoza.com\/index.php?rest_route=\/wp\/v2\/posts\/11666\/revisions"}],"predecessor-version":[{"id":11668,"href":"https:\/\/pasaenmendoza.com\/index.php?rest_route=\/wp\/v2\/posts\/11666\/revisions\/11668"}],"wp:featuredmedia":[{"embeddable":true,"href":"https:\/\/pasaenmendoza.com\/index.php?rest_route=\/wp\/v2\/media\/11667"}],"wp:attachment":[{"href":"https:\/\/pasaenmendoza.com\/index.php?rest_route=%2Fwp%2Fv2%2Fmedia&parent=11666"}],"wp:term":[{"taxonomy":"category","embeddable":true,"href":"https:\/\/pasaenmendoza.com\/index.php?rest_route=%2Fwp%2Fv2%2Fcategories&post=11666"},{"taxonomy":"post_tag","embeddable":true,"href":"https:\/\/pasaenmendoza.com\/index.php?rest_route=%2Fwp%2Fv2%2Ftags&post=11666"}],"curies":[{"name":"wp","href":"https:\/\/api.w.org\/{rel}","templated":true}]}}