{"id":11672,"date":"2025-02-19T21:17:43","date_gmt":"2025-02-19T20:17:43","guid":{"rendered":"https:\/\/pasaenmendoza.com\/?p=11672"},"modified":"2025-02-19T21:17:45","modified_gmt":"2025-02-19T20:17:45","slug":"escandalo-en-el-polo-judicial-un-perito-contable-acoso-a-una-colega-en-plena-audiencia","status":"publish","type":"post","link":"https:\/\/pasaenmendoza.com\/?p=11672","title":{"rendered":"Esc\u00e1ndalo en el Polo Judicial: un perito contable acos\u00f3 a una colega en plena audiencia"},"content":{"rendered":"\n<p>Una escandalosa\u00a0situaci\u00f3n\u00a0de\u00a0<strong>acoso<\/strong> tuvo lugar el pasado martes 11 de febrero durante una pericia contable en el\u00a0<strong>Ministerio P\u00fablico Fiscal<\/strong>. All\u00ed\u00a0el perito contador Mart\u00edn Kerner protagoniz\u00f3 un episodio repudiable al dirigirse a su colega Ana L\u00f3pez con una solicitud fuera de lugar. &#8220;Dame un beso&#8221; fue lo que le dijo de forma imperativa a su colega en plena audiencia.<\/p>\n\n\n\n<p>El hecho ocurrido en el\u00a0<strong>polo judicial<\/strong>\u00a0qued\u00f3 asentado en las actas del procedimiento, con la firma de todos los testigos presentes, incluido el propio Kerner. Tras lo sucedido, el profesional fue inmediatamente apartado de su cargo.<\/p>\n\n\n\n<h2 class=\"wp-block-heading\">Un procedimiento interrumpido por el acoso<\/h2>\n\n\n\n<p>La pericia contable se desarrollaba en el marco del an\u00e1lisis de los balances de una empresa mendocina vinculada a una firma extranjera. Durante el debate, Kerner realiz\u00f3 comentarios despectivos y discriminatorios sobre la compa\u00f1\u00eda del exterior, lo que gener\u00f3 la intervenci\u00f3n de L\u00f3pez, quien exigi\u00f3 que respaldara sus dichos o se retractara.<\/p>\n\n\n\n<p>El perito se disculp\u00f3, pero luego sorprendi\u00f3 a todos al dirigirse a L\u00f3pez con la inesperada frase: &#8220;Dame un beso&#8221;. Al recibir una negativa, volvi\u00f3 a insistir, generando un clima de tensi\u00f3n en la sala. Los testigos del hecho decidieron dejar constancia oficial de lo ocurrido, lo que deriv\u00f3 en la separaci\u00f3n inmediata de Kerner de su funci\u00f3n.<\/p>\n\n\n\n<h2 class=\"wp-block-heading\">Una denuncia que sacude al Poder Judicial<\/h2>\n\n\n\n<p>L\u00f3pez formaliz\u00f3 la denuncia ante la fiscal\u00eda, donde manifest\u00f3 su preocupaci\u00f3n por el ambiente hostil en el que se desarrollan las pericias. En su escrito, destac\u00f3 que el episodio no solo represent\u00f3 una situaci\u00f3n de\u00a0<strong>acoso\u00a0<\/strong>e intimidaci\u00f3n, sino que tambi\u00e9n le genera temor ante futuros encuentros con el acusado.<\/p>\n\n\n\n<p><strong>Fuente: www.mdzol.com<\/strong><\/p>\n","protected":false},"excerpt":{"rendered":"<p>Una escandalosa\u00a0situaci\u00f3n\u00a0de\u00a0acoso tuvo lugar el pasado martes 11 de febrero durante una pericia contable en el\u00a0Ministerio P\u00fablico Fiscal. All\u00ed\u00a0el perito contador Mart\u00edn Kerner protagoniz\u00f3 un episodio repudiable al dirigirse a su colega Ana L\u00f3pez con una solicitud fuera de lugar. &#8220;Dame un beso&#8221; fue lo que le dijo de forma imperativa a su colega en [&hellip;]<\/p>\n","protected":false},"author":2,"featured_media":11673,"comment_status":"open","ping_status":"open","sticky":false,"template":"","format":"standard","meta":[],"categories":[48],"tags":[],"_links":{"self":[{"href":"https:\/\/pasaenmendoza.com\/index.php?rest_route=\/wp\/v2\/posts\/11672"}],"collection":[{"href":"https:\/\/pasaenmendoza.com\/index.php?rest_route=\/wp\/v2\/posts"}],"about":[{"href":"https:\/\/pasaenmendoza.com\/index.php?rest_route=\/wp\/v2\/types\/post"}],"author":[{"embeddable":true,"href":"https:\/\/pasaenmendoza.com\/index.php?rest_route=\/wp\/v2\/users\/2"}],"replies":[{"embeddable":true,"href":"https:\/\/pasaenmendoza.com\/index.php?rest_route=%2Fwp%2Fv2%2Fcomments&post=11672"}],"version-history":[{"count":1,"href":"https:\/\/pasaenmendoza.com\/index.php?rest_route=\/wp\/v2\/posts\/11672\/revisions"}],"predecessor-version":[{"id":11674,"href":"https:\/\/pasaenmendoza.com\/index.php?rest_route=\/wp\/v2\/posts\/11672\/revisions\/11674"}],"wp:featuredmedia":[{"embeddable":true,"href":"https:\/\/pasaenmendoza.com\/index.php?rest_route=\/wp\/v2\/media\/11673"}],"wp:attachment":[{"href":"https:\/\/pasaenmendoza.com\/index.php?rest_route=%2Fwp%2Fv2%2Fmedia&parent=11672"}],"wp:term":[{"taxonomy":"category","embeddable":true,"href":"https:\/\/pasaenmendoza.com\/index.php?rest_route=%2Fwp%2Fv2%2Fcategories&post=11672"},{"taxonomy":"post_tag","embeddable":true,"href":"https:\/\/pasaenmendoza.com\/index.php?rest_route=%2Fwp%2Fv2%2Ftags&post=11672"}],"curies":[{"name":"wp","href":"https:\/\/api.w.org\/{rel}","templated":true}]}}