{"id":11675,"date":"2025-02-19T21:21:30","date_gmt":"2025-02-19T20:21:30","guid":{"rendered":"https:\/\/pasaenmendoza.com\/?p=11675"},"modified":"2025-02-19T21:21:31","modified_gmt":"2025-02-19T20:21:31","slug":"el-adn-sobre-una-pala-complico-al-estudiante-de-derecho-acusado-del-crimen-de-su-padre","status":"publish","type":"post","link":"https:\/\/pasaenmendoza.com\/?p=11675","title":{"rendered":"El ADN sobre una pala complic\u00f3 al estudiante de Derecho acusado del crimen de su padre"},"content":{"rendered":"\n<p>La Fiscal\u00eda sum\u00f3 una prueba clave, de car\u00e1cter cient\u00edfico, para sumar a la acusaci\u00f3n contra el joven estudiante de Derecho acusado de haber cometido el\u00a0<strong>crimen<\/strong>\u00a0de su padre en\u00a0<strong>Guaymall\u00e9n.<\/strong>\u00a0Una serie de evidencias que se rescatar de una pala hallada en la propiedad donde viv\u00edan los protagonistas de la historia lo comprometi\u00f3 de cara a la investigaci\u00f3n por el presunto\u00a0<strong>parricidio.<\/strong><\/p>\n\n\n\n<p>Casi desde el momento en que se inici\u00f3 la investigaci\u00f3n por la muerte de\u00a0<strong>Guillermo Armendariz<\/strong>\u00a0(59), en los \u00faltimos d\u00edas del a\u00f1o pasado, los investigadores esperaban seguir sumando pruebas a los indicios que ya ten\u00edan contra su hijo,\u00a0<strong>Agust\u00edn Armendariz<\/strong>\u00a0(25). Si bien\u00a0la defensa sostiene que no se trat\u00f3 de un\u00a0<strong>crimen,<\/strong>\u00a0la necropsia fue el primer dato clave ya que arroj\u00f3 como resultado que la v\u00edctima ten\u00eda lesiones compatibles con un golpe traum\u00e1tico.<\/p>\n\n\n\n<p>La mayor expectativa estaba en una pala que fue encontrada en el patio\u00a0ubicado a pocos metros del cad\u00e1ver en\u00a0<strong>Guaymall\u00e9n.<\/strong>\u00a0Esta herramienta ten\u00eda una mancha de sangre y por eso fue secuestrada para que sea analizada por el Laboratorio de Huellas Gen\u00e9ticas Forense. El resultado lleg\u00f3 en los \u00faltimos d\u00edas y se convirti\u00f3 en una prueba clave para la Fiscal\u00eda de Homicidios.<\/p>\n\n\n\n<h2 class=\"wp-block-heading\">El ADN en la pala del parricidio<\/h2>\n\n\n\n<p>Al detectar que ten\u00eda una mancha hem\u00e1tica en la punta, los pesquisas comenzaron a sospechar que la pala era el arma homicida. Esa hip\u00f3tesis tom\u00f3 a\u00fan m\u00e1s fuerza tras las conclusiones de laboratorio que se incorporaron en el expediente por el&nbsp;<strong>crimen.<\/strong><\/p>\n\n\n\n<p>Los genetistas confirmaron que la sangre que ten\u00eda esta herramienta pertenec\u00eda a la v\u00edctima del&nbsp;<strong>crimen,<\/strong>&nbsp;<strong>Guillermo Armendariz<\/strong>. Pero no s\u00f3lo eso, sino que se encontr\u00f3 m\u00e1s ADN en el agarre de la pala. Uno de los rastros pertenece a&nbsp;<strong>Agust\u00edn Armendariz<\/strong>, el joven sospechado de cometer el&nbsp;<strong>parricidio.<\/strong><\/p>\n\n\n\n<p>Fuentes consultadas detallaron que tambi\u00e9n hay un rastro de otra persona no identificada, aunque en menor proporci\u00f3n a la huella gen\u00e9tica que dej\u00f3 el imputado por el\u00a0<strong>crimen<\/strong>\u00a0en Guaymall\u00e9n.<\/p>\n\n\n\n<h2 class=\"wp-block-heading\">Presunto crimen en Guaymall\u00e9n<\/h2>\n\n\n\n<p>En la noche del 4 de diciembre pasado, la familia&nbsp;<strong>Armendariz<\/strong>&nbsp;se encontraba en su casa ubicada en el barrio Pehu\u00e9n de&nbsp;<strong>Guaymall\u00e9n<\/strong>. Seg\u00fan declararon la madre y una de sus hijas, se encontraban en la cocina tomando mates y cociendo un vestido. En el lugar tambi\u00e9n estaba otro de los hijos, Agust\u00edn, quien en un momento sali\u00f3 hacia el patio para fumar un cigarrillo. Estuvo cerca de 10 minutos en el exterior, cuando ingres\u00f3 y le advirti\u00f3 a su madre que &#8220;el papi se cay\u00f3 del techo&#8221;.<\/p>\n\n\n\n<p>Las mujeres salieron al patio y efectivamente se encontraron con\u00a0<strong>Guillermo Armendariz<\/strong>\u00a0agonizando en el suelo. Para cuando lleg\u00f3 personal policial y de ambulancia, detectaron que ya estaba sin vida aunque a simple vista las lesiones que presentaba no correspond\u00edan con una ca\u00edda de altura, ya que presentaba golpes en la zona frontal del rostro pero tambi\u00e9n en la nuca.<\/p>\n\n\n\n<p><strong>Guillermo Armendariz<\/strong>\u00a0atravesaba un cuadro depresivo y sol\u00eda tener conductas at\u00edpicas como por ejemplo orinar las paredes de la casa o romper algunos elementos del interior. Incluso en la investigaci\u00f3n se reconstruy\u00f3 que obligaba a su hijo Agust\u00edn a vender ciertos elementos, entre ellos un arma de fuego que el joven public\u00f3 en Facebook y por ese motivo termin\u00f3 detenido y condenado a casi 3 a\u00f1os de prisi\u00f3n en suspenso. Por esto es que la relaci\u00f3n entre padre e hijo no era la mejor, seg\u00fan comentaron fuentes judiciales, y este podr\u00eda haber sido el desencadenante del\u00a0<strong>crimen<\/strong>.<\/p>\n\n\n\n<p><strong>Fuente: www.diariouno.com.ar<\/strong><a rel=\"noreferrer noopener\" href=\"https:\/\/www.facebook.com\/dialog\/feed?app_id=161316767303985&amp;link=https%3A%2F%2Fwww.diariouno.com.ar%2Fpoliciales%2Fel-adn-una-pala-complico-al-estudiante-derecho-acusado-del-crimen-su-padre-n1404925&amp;name=El+ADN+sobre+una+pala+complic%C3%B3+al+estudiante+de+Derecho+acusado+del+crimen+de+su+padre&amp;caption=Crimen&amp;description=Una+prueba+cient%C3%ADfica+comprometi%C3%B3+a%C3%BAn+m%C3%A1s+a+Agust%C3%ADn+Armendariz%2C+el+joven+de+25+a%C3%B1os+que+est%C3%A1+detenido+por+el+supuesto+crimen+ocurrido+en+los+%C3%BAltimos+d%C3%ADas+del+a%C3%B1o+pasado&amp;redirect_uri=https%3A%2F%2Fwww.diariouno.com.ar%2Fpoliciales%2Fel-adn-una-pala-complico-al-estudiante-derecho-acusado-del-crimen-su-padre-n1404925\" target=\"_blank\"><\/a><\/p>\n","protected":false},"excerpt":{"rendered":"<p>La Fiscal\u00eda sum\u00f3 una prueba clave, de car\u00e1cter cient\u00edfico, para sumar a la acusaci\u00f3n contra el joven estudiante de Derecho acusado de haber cometido el\u00a0crimen\u00a0de su padre en\u00a0Guaymall\u00e9n.\u00a0Una serie de evidencias que se rescatar de una pala hallada en la propiedad donde viv\u00edan los protagonistas de la historia lo comprometi\u00f3 de cara a la investigaci\u00f3n [&hellip;]<\/p>\n","protected":false},"author":2,"featured_media":11676,"comment_status":"open","ping_status":"open","sticky":false,"template":"","format":"standard","meta":[],"categories":[48],"tags":[],"_links":{"self":[{"href":"https:\/\/pasaenmendoza.com\/index.php?rest_route=\/wp\/v2\/posts\/11675"}],"collection":[{"href":"https:\/\/pasaenmendoza.com\/index.php?rest_route=\/wp\/v2\/posts"}],"about":[{"href":"https:\/\/pasaenmendoza.com\/index.php?rest_route=\/wp\/v2\/types\/post"}],"author":[{"embeddable":true,"href":"https:\/\/pasaenmendoza.com\/index.php?rest_route=\/wp\/v2\/users\/2"}],"replies":[{"embeddable":true,"href":"https:\/\/pasaenmendoza.com\/index.php?rest_route=%2Fwp%2Fv2%2Fcomments&post=11675"}],"version-history":[{"count":1,"href":"https:\/\/pasaenmendoza.com\/index.php?rest_route=\/wp\/v2\/posts\/11675\/revisions"}],"predecessor-version":[{"id":11677,"href":"https:\/\/pasaenmendoza.com\/index.php?rest_route=\/wp\/v2\/posts\/11675\/revisions\/11677"}],"wp:featuredmedia":[{"embeddable":true,"href":"https:\/\/pasaenmendoza.com\/index.php?rest_route=\/wp\/v2\/media\/11676"}],"wp:attachment":[{"href":"https:\/\/pasaenmendoza.com\/index.php?rest_route=%2Fwp%2Fv2%2Fmedia&parent=11675"}],"wp:term":[{"taxonomy":"category","embeddable":true,"href":"https:\/\/pasaenmendoza.com\/index.php?rest_route=%2Fwp%2Fv2%2Fcategories&post=11675"},{"taxonomy":"post_tag","embeddable":true,"href":"https:\/\/pasaenmendoza.com\/index.php?rest_route=%2Fwp%2Fv2%2Ftags&post=11675"}],"curies":[{"name":"wp","href":"https:\/\/api.w.org\/{rel}","templated":true}]}}