{"id":11678,"date":"2025-02-20T14:08:30","date_gmt":"2025-02-20T13:08:30","guid":{"rendered":"https:\/\/pasaenmendoza.com\/?p=11678"},"modified":"2025-02-20T14:08:31","modified_gmt":"2025-02-20T13:08:31","slug":"el-tiempo-en-mendoza-para-este-jueves-shock-de-calor-y-alerta-para-estas-zonas","status":"publish","type":"post","link":"https:\/\/pasaenmendoza.com\/?p=11678","title":{"rendered":"El tiempo en Mendoza para este jueves: shock de calor y alerta para estas zonas"},"content":{"rendered":"\n<p><strong>La temperatura m\u00e1xima para este jueves ascender\u00e1 a los 36 grados cent\u00edgrados, mientras que la m\u00ednima se elevar\u00e1 a los 20 grados.<\/strong><\/p>\n\n\n\n<p>El pron\u00f3stico de la Direcci\u00f3n de Contingencias Clim\u00e1ticas adelant\u00f3 que estar\u00e1 \u201c<em>caluroso y algo nublado, vientos moderados del sudeste<\/em>\u201c.<\/p>\n\n\n\n<h2 class=\"wp-block-heading\" id=\"h-alerta-amarilla\">Alerta amarilla<\/h2>\n\n\n\n<p>El Servicio Meteorol\u00f3gico Nacional puso en alerta nivel amarillo las siguientes zonas por temperaturas m\u00e1ximas.<\/p>\n\n\n\n<p>Las zonas bajo esta condici\u00f3n son:<\/p>\n\n\n\n<ul>\n<li><strong>Godoy Cruz, Capital, Guaymall\u00e9n y Maip\u00fa.<\/strong><\/li>\n\n\n\n<li><strong>Precordilleras de Las Heras y de Luj\u00e1n de Cuyo.<\/strong><\/li>\n\n\n\n<li><strong>Jun\u00edn, Rivadavia y los valles de Luj\u00e1n de Cuyo, San Carlos, Tunuy\u00e1n y Tupungato.<\/strong><\/li>\n\n\n\n<li><strong>Este de Las Heras, San Mart\u00edn, Santa Rosa, La Paz y Lavalle.<\/strong><\/li>\n\n\n\n<li><strong>General Alvear y zona baja de San Rafael.<\/strong><\/li>\n<\/ul>\n\n\n\n<p>Este nivel de alerta implica que las temperaturas m\u00e1ximas pueden tener<strong>&nbsp;<\/strong>efectos leves a moderados en la salud.<\/p>\n\n\n\n<p>\u201c<em>Pueden ser peligrosas,\u00a0sobre todo para los grupos de riesgo, como ni\u00f1os y ni\u00f1as, personas mayores de 65 a\u00f1os, con enfermedades cr\u00f3nicas<\/em>\u201c.<\/p>\n\n\n\n<p><strong>Fuente: www.elsol.com.ar<\/strong><\/p>\n","protected":false},"excerpt":{"rendered":"<p>La temperatura m\u00e1xima para este jueves ascender\u00e1 a los 36 grados cent\u00edgrados, mientras que la m\u00ednima se elevar\u00e1 a los 20 grados. El pron\u00f3stico de la Direcci\u00f3n de Contingencias Clim\u00e1ticas adelant\u00f3 que estar\u00e1 \u201ccaluroso y algo nublado, vientos moderados del sudeste\u201c. Alerta amarilla El Servicio Meteorol\u00f3gico Nacional puso en alerta nivel amarillo las siguientes zonas [&hellip;]<\/p>\n","protected":false},"author":2,"featured_media":11679,"comment_status":"open","ping_status":"open","sticky":false,"template":"","format":"standard","meta":[],"categories":[52],"tags":[],"_links":{"self":[{"href":"https:\/\/pasaenmendoza.com\/index.php?rest_route=\/wp\/v2\/posts\/11678"}],"collection":[{"href":"https:\/\/pasaenmendoza.com\/index.php?rest_route=\/wp\/v2\/posts"}],"about":[{"href":"https:\/\/pasaenmendoza.com\/index.php?rest_route=\/wp\/v2\/types\/post"}],"author":[{"embeddable":true,"href":"https:\/\/pasaenmendoza.com\/index.php?rest_route=\/wp\/v2\/users\/2"}],"replies":[{"embeddable":true,"href":"https:\/\/pasaenmendoza.com\/index.php?rest_route=%2Fwp%2Fv2%2Fcomments&post=11678"}],"version-history":[{"count":1,"href":"https:\/\/pasaenmendoza.com\/index.php?rest_route=\/wp\/v2\/posts\/11678\/revisions"}],"predecessor-version":[{"id":11680,"href":"https:\/\/pasaenmendoza.com\/index.php?rest_route=\/wp\/v2\/posts\/11678\/revisions\/11680"}],"wp:featuredmedia":[{"embeddable":true,"href":"https:\/\/pasaenmendoza.com\/index.php?rest_route=\/wp\/v2\/media\/11679"}],"wp:attachment":[{"href":"https:\/\/pasaenmendoza.com\/index.php?rest_route=%2Fwp%2Fv2%2Fmedia&parent=11678"}],"wp:term":[{"taxonomy":"category","embeddable":true,"href":"https:\/\/pasaenmendoza.com\/index.php?rest_route=%2Fwp%2Fv2%2Fcategories&post=11678"},{"taxonomy":"post_tag","embeddable":true,"href":"https:\/\/pasaenmendoza.com\/index.php?rest_route=%2Fwp%2Fv2%2Ftags&post=11678"}],"curies":[{"name":"wp","href":"https:\/\/api.w.org\/{rel}","templated":true}]}}