{"id":11687,"date":"2025-02-20T15:16:14","date_gmt":"2025-02-20T14:16:14","guid":{"rendered":"https:\/\/pasaenmendoza.com\/?p=11687"},"modified":"2025-02-20T15:16:15","modified_gmt":"2025-02-20T14:16:15","slug":"seguridad-y-godoy-cruz-firmaron-un-convenio-para-promover-la-reinsercion-laboral-de-los-presos","status":"publish","type":"post","link":"https:\/\/pasaenmendoza.com\/?p=11687","title":{"rendered":"Seguridad y Godoy Cruz firmaron un convenio para promover la reinserci\u00f3n laboral de los presos"},"content":{"rendered":"\n<p>El&nbsp;<strong>Ministerio de Seguridad y Justicia&nbsp;<\/strong>junto con la&nbsp;<strong>Municipalidad de Godoy Cruz&nbsp;<\/strong>firmaron un convenio de colaboraci\u00f3n institucional que apunta a fortalecer la capacitaci\u00f3n y reinserci\u00f3n laboral de personas privadas de la libertad. La medida fue publicada este jueves en el Bolet\u00edn Oficial mediante el decreto 192.<\/p>\n\n\n\n<p>El acuerdo, suscrito el 12 de septiembre de 2024 por la ministra<strong>&nbsp;Mercedes Rus<\/strong>, y el intendente&nbsp;<strong>Diego Costarelli<\/strong>, establece un marco de cooperaci\u00f3n para impulsar programas de formaci\u00f3n en oficios dentro del sistema penitenciario.<\/p>\n\n\n\n<p>Seg\u00fan el documento, la reinserci\u00f3n laboral \u201c<em>es clave para reducir los \u00edndices de reincidencia, permitiendo a los internos adquirir herramientas que faciliten su reintegraci\u00f3n a la sociedad<\/em>\u201d. La\u00a0<strong>Unidad de Producci\u00f3n Penitenciaria<\/strong>\u00a0jugar\u00e1 un rol central en esta iniciativa.<\/p>\n\n\n\n<p>Su funci\u00f3n es capacitar a los internos, desarrollar productos y servicios con valor agregado y comercializarlos, promoviendo al mismo tiempo beneficios para la comunidad. El decreto menciona que la planificaci\u00f3n de la producci\u00f3n y comercializaci\u00f3n de estos bienes ser\u00e1 coordinada en los establecimientos penitenciarios de la provincia.<\/p>\n\n\n\n<p>El convenio tambi\u00e9n se enmarca en la Ley Provincial 8465 y su modificaci\u00f3n de 2017 mediante la Ley 8.971, conocida como&nbsp;<em>\u201cLey para la resocializaci\u00f3n mediante la educaci\u00f3n, la capacitaci\u00f3n y el trabajo obligatorio de los presos y participaci\u00f3n de la v\u00edctima<\/em>\u201c.<\/p>\n\n\n\n<p>Esta normativa establece que el trabajo penitenciario debe replicar las condiciones del mercado laboral fuera del encierro, limitando el ocio y promoviendo h\u00e1bitos productivos.<\/p>\n\n\n\n<p>Desde el punto de vista jur\u00eddico, la Direcci\u00f3n de Asesor\u00eda Letrada del Ministerio de Seguridad y Justicia revis\u00f3 el convenio y determin\u00f3 que&nbsp;<strong>su implementaci\u00f3n no compromete fondos p\u00fablicos<\/strong>. En consecuencia, el decreto firmado por el gobernador&nbsp;<strong>Alfredo Cornejo<\/strong>&nbsp;ratific\u00f3 el acuerdo, estableciendo su validez legal y administrativa.<\/p>\n\n\n\n<p>En Casa de Gobierno aseguran que este convenio refuerza la pol\u00edtica de seguridad p\u00fablica y reinserci\u00f3n social de Mendoza, aline\u00e1ndose con los objetivos de la cartera de Seguridad en la protecci\u00f3n de la comunidad y la reducci\u00f3n de la reincidencia delictiva.<\/p>\n\n\n\n<p><strong>Fuente: www.elsol.com.ar<\/strong><\/p>\n","protected":false},"excerpt":{"rendered":"<p>El&nbsp;Ministerio de Seguridad y Justicia&nbsp;junto con la&nbsp;Municipalidad de Godoy Cruz&nbsp;firmaron un convenio de colaboraci\u00f3n institucional que apunta a fortalecer la capacitaci\u00f3n y reinserci\u00f3n laboral de personas privadas de la libertad. La medida fue publicada este jueves en el Bolet\u00edn Oficial mediante el decreto 192. El acuerdo, suscrito el 12 de septiembre de 2024 por la [&hellip;]<\/p>\n","protected":false},"author":2,"featured_media":11688,"comment_status":"open","ping_status":"open","sticky":false,"template":"","format":"standard","meta":[],"categories":[96],"tags":[],"_links":{"self":[{"href":"https:\/\/pasaenmendoza.com\/index.php?rest_route=\/wp\/v2\/posts\/11687"}],"collection":[{"href":"https:\/\/pasaenmendoza.com\/index.php?rest_route=\/wp\/v2\/posts"}],"about":[{"href":"https:\/\/pasaenmendoza.com\/index.php?rest_route=\/wp\/v2\/types\/post"}],"author":[{"embeddable":true,"href":"https:\/\/pasaenmendoza.com\/index.php?rest_route=\/wp\/v2\/users\/2"}],"replies":[{"embeddable":true,"href":"https:\/\/pasaenmendoza.com\/index.php?rest_route=%2Fwp%2Fv2%2Fcomments&post=11687"}],"version-history":[{"count":1,"href":"https:\/\/pasaenmendoza.com\/index.php?rest_route=\/wp\/v2\/posts\/11687\/revisions"}],"predecessor-version":[{"id":11689,"href":"https:\/\/pasaenmendoza.com\/index.php?rest_route=\/wp\/v2\/posts\/11687\/revisions\/11689"}],"wp:featuredmedia":[{"embeddable":true,"href":"https:\/\/pasaenmendoza.com\/index.php?rest_route=\/wp\/v2\/media\/11688"}],"wp:attachment":[{"href":"https:\/\/pasaenmendoza.com\/index.php?rest_route=%2Fwp%2Fv2%2Fmedia&parent=11687"}],"wp:term":[{"taxonomy":"category","embeddable":true,"href":"https:\/\/pasaenmendoza.com\/index.php?rest_route=%2Fwp%2Fv2%2Fcategories&post=11687"},{"taxonomy":"post_tag","embeddable":true,"href":"https:\/\/pasaenmendoza.com\/index.php?rest_route=%2Fwp%2Fv2%2Ftags&post=11687"}],"curies":[{"name":"wp","href":"https:\/\/api.w.org\/{rel}","templated":true}]}}