{"id":11693,"date":"2025-02-20T22:49:09","date_gmt":"2025-02-20T21:49:09","guid":{"rendered":"https:\/\/pasaenmendoza.com\/?p=11693"},"modified":"2025-02-20T22:49:10","modified_gmt":"2025-02-20T21:49:10","slug":"un-especialista-en-armas-explico-como-se-deben-usar-las-taser-tras-la-presentacion-del-proyecto","status":"publish","type":"post","link":"https:\/\/pasaenmendoza.com\/?p=11693","title":{"rendered":"Un especialista en armas explic\u00f3 c\u00f3mo se deben usar las Taser tras la presentaci\u00f3n del proyecto"},"content":{"rendered":"\n<p>El Gobierno espera la aprobaci\u00f3n del proyecto de ley que permitir\u00e1 a los\u00a0<strong>preventores<\/strong>\u00a0capacitarse y utilizar\u00a0<strong>pistolas\u00a0Taser<\/strong>. La ministra de Seguridad, Mercedes Rus, aclar\u00f3 que el protocolo para su uso llegar\u00e1 con la reglamentaci\u00f3n, por lo que un especialista detall\u00f3 c\u00f3mo se utilizan en general y los posibles riesgos.<\/p>\n\n\n\n<p><strong>Diego \u00c1ngeles<\/strong>, experto en seguridad e instructor de armas electr\u00f3nicas, explic\u00f3 que este tipo de herramientas deben ser utilizadas \u00fanicamente en el torso o en las piernas de la persona, evitando siempre la cabeza, ya que su impacto podr\u00eda afectar los ojos. Adem\u00e1s, recomend\u00f3 no utilizarlas en adultos mayores, ni\u00f1os o personas embarazadas.<\/p>\n\n\n\n<p>Por otra parte aclar\u00f3 que cuando sale el disparo de la\u00a0<strong>Taser<\/strong>\u00a0el impacto el\u00e9ctrico &#8220;va cargado con 5.000 voltios, pero una vez que llega al cuerpo es de 400&#8221;. &#8220;El voltaje no es lo peligroso para el ser humano, sino el amperaje &#8220;que es de 0,12 miliamperios&#8221;, dijo.<\/p>\n\n\n\n<p>&#8220;Las\u00a0<strong>Taser<\/strong>\u00a0disparan dos arpones, que tienen que impactar en el cuerpo o estar conectados con el cuerpo para que realmente funcione. Si un solo arp\u00f3n impacta en el cuerpo, pero el otro no, no se acciona&#8221;, continu\u00f3.<\/p>\n\n\n\n<p>&#8220;Es muy poco por eso es&nbsp;<strong>no letal<\/strong>&#8220;, aclar\u00f3. Tambi\u00e9n despej\u00f3 dudas sobre las personas que tienen problemas card\u00edacos e indic\u00f3 que &#8220;no afecta ni a las personas que tienen un marca paso ni el ritmo card\u00edaco&#8221;.<\/p>\n\n\n\n<h2 class=\"wp-block-heading\">El especialista aclar\u00f3 que el efecto de la Taser dura cinco segundos<\/h2>\n\n\n\n<p><strong>Diego \u00c1ngeles<\/strong>&nbsp;aclar\u00f3 que, cuando impactan los dos arpones en el cuerpo y se accionan, el&nbsp;<strong>efecto<\/strong>&nbsp;dura cinco segundos y se puede aplicar hasta tres veces y a una distancia de tres metros. &#8220;Son los peores cinco segundos que una persona puede pasar. Para ser instructor, tuve que utilizarlas en m\u00ed mismo y el tiempo pasa en c\u00e1mara lenta. Cuando llegas al segundo dos, es interminable&#8221;.<\/p>\n\n\n\n<p>Sobre las funciones que tienen las\u00a0<strong>pistolas Taser<\/strong>\u00a0asever\u00f3 que una de ellas es atacar el sistema sensorial, &#8220;porque afecta los nervios, provocando dolor&#8221;, y, por otra parte, influye sobre el sistema motor. &#8220;Lo que hace es anular toda acci\u00f3n f\u00edsica y confundir a nuestro sistema para que uno no se pueda mover&#8221;.<\/p>\n\n\n\n<h2 class=\"wp-block-heading\">Se utiliza como \u00faltima opci\u00f3n<\/h2>\n\n\n\n<p>El experto en armas electr\u00f3nicas aclar\u00f3 que la&nbsp;<strong>Taser<\/strong>&nbsp;no debe dispararse inmediatamente que se tiene contacto con un agresor y que por el contrario, debe ser el \u00faltimo recurso. En ese sentido, dijo que se utiliza en casos de personas muy fuertes, drogadas o que tienen un elemento cortante, lo que provoca que acercarse sea dificultoso o riesgoso.<\/p>\n\n\n\n<p>&#8220;En el uso progresivo de la fuerza, la primera acci\u00f3n de fuerza es la palabra. Por ejemplo, si una persona quiere avanzar, se le pide que tome distancia. La segunda acci\u00f3n de fuerza es la fuerza f\u00edsica directamente, intentando retenerlo o controlarlo. Cuando eso no es posible o es riesgoso, reci\u00e9n entonces viene el tercer nivel de la fuerza. Y ah\u00ed es donde encuadra este tipo de&nbsp;<strong>armas&#8221;,<\/strong>&nbsp;explay\u00f3.<\/p>\n\n\n\n<h2 class=\"wp-block-heading\">Los cursos de capacitaciones podr\u00edan durar un d\u00eda<\/h2>\n\n\n\n<p>Otro tema fundamental en el uso de las\u00a0<strong>pistolas Taser<\/strong>\u00a0es la capacitaci\u00f3n. El intendente de Ciudad, antes de enviar el proyecto junto al ejecutivo provincial, firm\u00f3 un\u00a0acuerdo con la ministra de Seguridad de Naci\u00f3n, Patricia Bullrich, para instruir a los preventores.<\/p>\n\n\n\n<p>\u00c1ngeles concluy\u00f3 que los cursos cortos pueden durar un d\u00eda y uno m\u00e1s extenso hasta dos semanas &#8220;El uso no es muy complejo. Lo que hay que saber es cu\u00e1ndo utilizarla, cu\u00e1ndo no utilizarla y en qu\u00e9 situaciones&#8221;.<\/p>\n\n\n\n<h2 class=\"wp-block-heading\">El gobierno present\u00f3 el proyecto de ley para el uso de las Taser en preventores<\/h2>\n\n\n\n<p>La ministra de Seguridad,<strong>\u00a0Mercedes Rus<\/strong>, present\u00f3 este mi\u00e9rcoles en la Legislatura un proyecto de ley para que los preventores de Ciudad puedan usar\u00a0<strong>pistolas Taser<\/strong>.<\/p>\n\n\n\n<p>El proyecto de ley establece que los&nbsp;<strong>municipios<\/strong>&nbsp;ser\u00e1n responsables de dotar a sus cuerpos de seguridad ciudadana de los elementos necesarios para cumplir su labor, as\u00ed como de garantizar la formaci\u00f3n de sus integrantes.<\/p>\n\n\n\n<p>La capacitaci\u00f3n, en aspectos como resoluci\u00f3n de conflictos, derecho administrativo sancionador y contravencional, primeros auxilios, entre otros, estar\u00e1 a cargo del\u00a0<strong>Instituto Universitario de Seguridad P\u00fablica (IUSP).<\/strong><\/p>\n\n\n\n<p>Adem\u00e1s, se prev\u00e9 que, con la debida autorizaci\u00f3n del&nbsp;<strong>Ministerio de Seguridad<\/strong>, los agentes municipales puedan utilizar armas de baja letalidad, como bastones, aerosoles disuasivos, pistolas de aire comprimido o dispositivos electr\u00f3nicos de inmovilizaci\u00f3n moment\u00e1nea, pero en ning\u00fan caso armas de fuego.<\/p>\n\n\n\n<p>Tambi\u00e9n podr\u00e1n emplear tecnolog\u00edas como drones y canes adiestrados, siempre que se cumplan los requisitos legales y se certifique el entrenamiento correspondiente. En cuanto al uso de&nbsp;<strong>armas de baja letalidad<\/strong>, la ministra aclar\u00f3 que la capacitaci\u00f3n y entrenamiento de los cuerpos estar\u00e1 a cargo del Ministerio.<\/p>\n\n\n\n<p>El proyecto tambi\u00e9n establece que estos cuerpos municipales no podr\u00e1n portar armas de fuego, y proh\u00edbe el uso de uniformes, escudos o insignias que puedan confundirse con los de las\u00a0<strong>fuerzas policiales<\/strong>. \u201cCada municipio deber\u00e1 definir una identidad visual propia que refleje el car\u00e1cter preventivo de estos cuerpos\u201d, detall\u00f3.<\/p>\n\n\n\n<p><strong>Fuente: www.diariouno.com.ar<\/strong><\/p>\n","protected":false},"excerpt":{"rendered":"<p>El Gobierno espera la aprobaci\u00f3n del proyecto de ley que permitir\u00e1 a los\u00a0preventores\u00a0capacitarse y utilizar\u00a0pistolas\u00a0Taser. La ministra de Seguridad, Mercedes Rus, aclar\u00f3 que el protocolo para su uso llegar\u00e1 con la reglamentaci\u00f3n, por lo que un especialista detall\u00f3 c\u00f3mo se utilizan en general y los posibles riesgos. Diego \u00c1ngeles, experto en seguridad e instructor de [&hellip;]<\/p>\n","protected":false},"author":2,"featured_media":11694,"comment_status":"open","ping_status":"open","sticky":false,"template":"","format":"standard","meta":[],"categories":[50],"tags":[],"_links":{"self":[{"href":"https:\/\/pasaenmendoza.com\/index.php?rest_route=\/wp\/v2\/posts\/11693"}],"collection":[{"href":"https:\/\/pasaenmendoza.com\/index.php?rest_route=\/wp\/v2\/posts"}],"about":[{"href":"https:\/\/pasaenmendoza.com\/index.php?rest_route=\/wp\/v2\/types\/post"}],"author":[{"embeddable":true,"href":"https:\/\/pasaenmendoza.com\/index.php?rest_route=\/wp\/v2\/users\/2"}],"replies":[{"embeddable":true,"href":"https:\/\/pasaenmendoza.com\/index.php?rest_route=%2Fwp%2Fv2%2Fcomments&post=11693"}],"version-history":[{"count":1,"href":"https:\/\/pasaenmendoza.com\/index.php?rest_route=\/wp\/v2\/posts\/11693\/revisions"}],"predecessor-version":[{"id":11695,"href":"https:\/\/pasaenmendoza.com\/index.php?rest_route=\/wp\/v2\/posts\/11693\/revisions\/11695"}],"wp:featuredmedia":[{"embeddable":true,"href":"https:\/\/pasaenmendoza.com\/index.php?rest_route=\/wp\/v2\/media\/11694"}],"wp:attachment":[{"href":"https:\/\/pasaenmendoza.com\/index.php?rest_route=%2Fwp%2Fv2%2Fmedia&parent=11693"}],"wp:term":[{"taxonomy":"category","embeddable":true,"href":"https:\/\/pasaenmendoza.com\/index.php?rest_route=%2Fwp%2Fv2%2Fcategories&post=11693"},{"taxonomy":"post_tag","embeddable":true,"href":"https:\/\/pasaenmendoza.com\/index.php?rest_route=%2Fwp%2Fv2%2Ftags&post=11693"}],"curies":[{"name":"wp","href":"https:\/\/api.w.org\/{rel}","templated":true}]}}