{"id":11696,"date":"2025-02-20T22:56:27","date_gmt":"2025-02-20T21:56:27","guid":{"rendered":"https:\/\/pasaenmendoza.com\/?p=11696"},"modified":"2025-02-20T22:56:28","modified_gmt":"2025-02-20T21:56:28","slug":"unos-21-000-alumnos-vuelven-a-clases-tras-el-ultimo-primer-dia-y-los-esperaran-con-un-desayuno","status":"publish","type":"post","link":"https:\/\/pasaenmendoza.com\/?p=11696","title":{"rendered":"Unos 21.000 alumnos vuelven a clases tras el \u00daltimo Primer D\u00eda y los esperar\u00e1n con un desayuno"},"content":{"rendered":"\n<p>Las escuelas secundarias de\u00a0<strong>Mendoza<\/strong>, tanto estatales como privadas, se preparan con distintas estrategias para recibir a los\u00a0<strong>21.000 estudiantes\u00a0<\/strong>de\u00a0<strong>quinto\u00a0<\/strong>a\u00f1o del secundario por el ritual del\u00a0\u00daltimo Primer D\u00eda. Se trata de la vigilia de los adolescentes en fiestas en las que habitualmente hay consumo de\u00a0<strong>alcohol\u00a0<\/strong>y otras sustancias, y esto genera la preocupaci\u00f3n de los padres, como de la comunidad educativa de los riesgos que conllevan estas reuniones.<\/p>\n\n\n\n<p>El director de Educaci\u00f3n Secundaria,\u00a0<strong>Emilio Moreno<\/strong>\u00a0dijo\u00a0que cada instituci\u00f3n prepara un recibimiento con un desayuno en el que se dispondr\u00e1 un espacio de\u00a0<strong>escucha\u00a0<\/strong>por las distintas emociones que hay en juego &#8220;y los chicos que no est\u00e9n en condiciones van a ser separados para que est\u00e9n\u00a0<strong>cuidados\u00a0<\/strong>y en el caso que corresponda ser\u00e1n derivados al sistema asistencial&#8221;.<\/p>\n\n\n\n<p>Moreno recalc\u00f3 que hace varios a\u00f1os se viene trabajando el tema con anticipaci\u00f3n para que los padres los acompa\u00f1en y fundamentalmente esa noche sepan d\u00f3nde est\u00e1n sus hijos.<\/p>\n\n\n\n<p>&#8220;Lo que queremos es que un d\u00eda lindo como es el inicio de la \u00faltima etapa del&nbsp;<strong>secundario&nbsp;<\/strong>sea agradable y memorable. Por eso, hay que cuidar a los chicos no prohibirles y&nbsp;<strong>acompa\u00f1arlos<\/strong>&#8220;, recomend\u00f3.<\/p>\n\n\n\n<p>El a\u00f1o pasado no hubo derivaciones de alumnos con intoxicaci\u00f3n alcoh\u00f3lica al sistema de salud y seg\u00fan precis\u00f3 las situaciones que se presentaron se resolvieron en el \u00e1mbito escolar del sistema p\u00fablico.<\/p>\n\n\n\n<p>&#8220;El\u00a0<strong>\u00daltimo Primer D\u00eda<\/strong>\u00a0es un tema que ha ido en crecimiento en los \u00faltimos a\u00f1os y ya es parte del folclore de quinto y de la despedida de esta etapa. Sin embargo, el\u00a0<strong>impacto\u00a0<\/strong>que tenemos en nuestras escuelas no es grave, ser\u00e1n entre 5 y 10 chicos en toda la provincia que asisten bajo los efectos del\u00a0<strong>alcohol\u00a0<\/strong>o con alg\u00fan tipo de malestar&#8221;, dimension\u00f3 el docente.<\/p>\n\n\n\n<h2 class=\"wp-block-heading\"><strong>Sin estad\u00edsticas sobre el impacto del \u00daltimo Primer D\u00eda<\/strong><\/h2>\n\n\n\n<p>Pese a la importancia y al crecimiento de este fen\u00f3meno\u00a0<strong>en Mendoza<\/strong>, no hay n\u00fameros que se desprendan en el sistema de salud y que permitan entender cu\u00e1n grave es para este sector de la poblaci\u00f3n este festejo.<\/p>\n\n\n\n<p>Efectores importantes como el Hospital Central no llevan un conteo de los casos de adolescentes que son derivados por la gu\u00eda de procedimiento y el personal consultado indic\u00f3 que se trabaja como cualquier d\u00eda en la recepci\u00f3n de las consultas.<\/p>\n\n\n\n<p>La Direcci\u00f3n de Acompa\u00f1amiento Escolar (DAE) est\u00e1 trabajando en un registro que permita establecer las consecuencias para la salud de los estudiantes y el accionar de la escuela que es la que responde primero y despu\u00e9s la familia.<\/p>\n\n\n\n<h2 class=\"wp-block-heading\"><strong>El \u00daltimo Primer D\u00eda marca un hito ps\u00edquico y social<\/strong><\/h2>\n\n\n\n<p>La directora de la DAE,&nbsp;<strong>Carina Gannam&nbsp;<\/strong>adelant\u00f3 que est\u00e1 programado para el lunes, recibir a los alumnos con un desayuno en el que se pueda abordar la situaci\u00f3n de cerrar esta etapa y las emociones que los atraviesan.<\/p>\n\n\n\n<p>La especialista indic\u00f3 que este d\u00eda marca un hito ps\u00edquico y social en la vida de estos chicos y llam\u00f3 a los padres y docentes a ponerlo en contexto y plantear ciertos l\u00edmites.<\/p>\n\n\n\n<p>&#8220;La propuesta es hacer un desayuno compartido, esperarlos en la ma\u00f1ana porque en teor\u00eda est\u00e1n toda la noche y aqu\u00ed el alerta est\u00e1 puesta en los consumos. Cu\u00e1nto es lo que consumen ya sea de alcohol u otras sustancias y que esto afecte su salud f\u00edsica y emocional. Sabemos que el consumo tiene una afectaci\u00f3n en la salud&#8221;, coment\u00f3.<\/p>\n\n\n\n<p>&#8220;Nosotros trabajamos en articulaci\u00f3n con Salud haciendo las derivaciones correspondientes que responden a la necesidad de atenci\u00f3n de alumno por fuera de la escuela. Desde el inicio de la gesti\u00f3n hay un doble refuerzo de equipos t\u00e9cnicos, que se suman a los que ya exist\u00edan para el trabajo de alg\u00fan tipo de emergente y m\u00e1s en este d\u00eda tan especial para ellos&#8221;, destac\u00f3.<\/p>\n\n\n\n<p><strong>Fuente: www.diariouno.com.ar<\/strong><\/p>\n","protected":false},"excerpt":{"rendered":"<p>Las escuelas secundarias de\u00a0Mendoza, tanto estatales como privadas, se preparan con distintas estrategias para recibir a los\u00a021.000 estudiantes\u00a0de\u00a0quinto\u00a0a\u00f1o del secundario por el ritual del\u00a0\u00daltimo Primer D\u00eda. Se trata de la vigilia de los adolescentes en fiestas en las que habitualmente hay consumo de\u00a0alcohol\u00a0y otras sustancias, y esto genera la preocupaci\u00f3n de los padres, como de [&hellip;]<\/p>\n","protected":false},"author":2,"featured_media":11697,"comment_status":"open","ping_status":"open","sticky":false,"template":"","format":"standard","meta":[],"categories":[50],"tags":[],"_links":{"self":[{"href":"https:\/\/pasaenmendoza.com\/index.php?rest_route=\/wp\/v2\/posts\/11696"}],"collection":[{"href":"https:\/\/pasaenmendoza.com\/index.php?rest_route=\/wp\/v2\/posts"}],"about":[{"href":"https:\/\/pasaenmendoza.com\/index.php?rest_route=\/wp\/v2\/types\/post"}],"author":[{"embeddable":true,"href":"https:\/\/pasaenmendoza.com\/index.php?rest_route=\/wp\/v2\/users\/2"}],"replies":[{"embeddable":true,"href":"https:\/\/pasaenmendoza.com\/index.php?rest_route=%2Fwp%2Fv2%2Fcomments&post=11696"}],"version-history":[{"count":1,"href":"https:\/\/pasaenmendoza.com\/index.php?rest_route=\/wp\/v2\/posts\/11696\/revisions"}],"predecessor-version":[{"id":11698,"href":"https:\/\/pasaenmendoza.com\/index.php?rest_route=\/wp\/v2\/posts\/11696\/revisions\/11698"}],"wp:featuredmedia":[{"embeddable":true,"href":"https:\/\/pasaenmendoza.com\/index.php?rest_route=\/wp\/v2\/media\/11697"}],"wp:attachment":[{"href":"https:\/\/pasaenmendoza.com\/index.php?rest_route=%2Fwp%2Fv2%2Fmedia&parent=11696"}],"wp:term":[{"taxonomy":"category","embeddable":true,"href":"https:\/\/pasaenmendoza.com\/index.php?rest_route=%2Fwp%2Fv2%2Fcategories&post=11696"},{"taxonomy":"post_tag","embeddable":true,"href":"https:\/\/pasaenmendoza.com\/index.php?rest_route=%2Fwp%2Fv2%2Ftags&post=11696"}],"curies":[{"name":"wp","href":"https:\/\/api.w.org\/{rel}","templated":true}]}}