{"id":11699,"date":"2025-02-20T23:02:32","date_gmt":"2025-02-20T22:02:32","guid":{"rendered":"https:\/\/pasaenmendoza.com\/?p=11699"},"modified":"2025-02-20T23:02:33","modified_gmt":"2025-02-20T22:02:33","slug":"estos-seran-los-periodistas-que-conduciran-la-fiesta-nacional-de-la-vendimia-2025","status":"publish","type":"post","link":"https:\/\/pasaenmendoza.com\/?p=11699","title":{"rendered":"Estos ser\u00e1n los periodistas que conducir\u00e1n la Fiesta Nacional de la Vendimia 2025"},"content":{"rendered":"\n<p>El p\u00fablico amante de la\u00a0<strong>Fiesta Nacional de la Vendimia 2025<\/strong>\u00a0ya conoce a los<strong>\u00a0locutores<\/strong>\u00a0que conducir\u00e1n el imponente evento en el Frank Romero Day. Lo confirm\u00f3 Diego Gareca, subsecretario de Cultura de Mendoza, quien adem\u00e1s dio detalles de la\u00a0<strong>venta de entradas<\/strong>\u00a0de &#8220;Guardiana del vino eterno&#8221;.<\/p>\n\n\n\n<p>La<strong>&nbsp;venta de entradas<\/strong>&nbsp;de la&nbsp;<strong>Fiesta de la Vendimia 2025<\/strong>&nbsp;comenz\u00f3 el 12 de febrero a partir de las 18 a trav\u00e9s de la plataforma www.entradaweb.com.ar.<\/p>\n\n\n\n<p>Los tickets\u00a0del Acto Central se agotaron r\u00e1pidamente, por lo que Gareca afirm\u00f3: &#8220;Nos quedan todav\u00eda algunas<strong>\u00a0entradas\u00a0<\/strong>para la repetici\u00f3n. El mi\u00e9rcoles creo que estaban quedando mil entradas, mil y pico. Quedan todav\u00eda<strong>\u00a0entradas<\/strong>\u00a0para la tercera noche, la del show con &#8216;Ke personajes&#8217; y &#8216;Qu\u00e9 locura&#8217;. Se ha vendido a muy buen ritmo, la verdad que ya llevamos m\u00e1s de 10.000\u00a0<strong>entradas<\/strong>\u00a0vendidas&#8221;.<\/p>\n\n\n\n<h2 class=\"wp-block-heading\">Qui\u00e9nes ser\u00e1n los periodistas encargados de conducir la Fiesta de la Vendimia<\/h2>\n\n\n\n<p>El subsecretario de Cultura anunci\u00f3 los locutores que fueron seleccionados para conducir el Acto Central de la<strong>\u00a0Fiesta Nacional de la Vendimia\u00a0<\/strong>2025.<\/p>\n\n\n\n<p>Se trata de los<strong>\u00a0periodistas Rodolfo Gravina<\/strong>\u00a0(de Canal 7), Laura Rez Masud, Sergio &#8220;Coco&#8221; Gras, Sof\u00eda Gainza y Federico Croce.<\/p>\n\n\n\n<p>&#8220;Nos faltan confirmar algunas mujeres periodistas. Despu\u00e9s, por supuesto, vamos a estar anunciando los locutores de la repetici\u00f3n, de las previas y los locutores de la bendici\u00f3n de frutos&#8221;, agreg\u00f3 Gareca.<\/p>\n\n\n\n<h2 class=\"wp-block-heading\">El Frank Romero Day: una pieza fundamental de la Vendimia<\/h2>\n\n\n\n<p>Otro de los temas que mencion\u00f3 Gareca fue en relaci\u00f3n al montaje del&nbsp;<strong>Teatro Griego Frank Romero Day<\/strong>.<\/p>\n\n\n\n<p>&#8220;El escenario est\u00e1 avanzando muy r\u00e1pido. Creo que estamos ya en un 85% de trabajo avanzado. El escenario est\u00e1 listo, en definitiva&#8221;, coment\u00f3 el subsecretario y agreg\u00f3 que todav\u00eda hay detalles t\u00e9cnicos que se deben realizar despu\u00e9s del montaje, el ingreso de los servicios de iluminaci\u00f3n y de sonido. &#8220;Ha sido un proceso muy interesante, r\u00e1pido y din\u00e1mico&#8230; es algo que se mejora a\u00f1o tras a\u00f1o&#8221;, sentenci\u00f3.<\/p>\n\n\n\n<p><strong>Fuente: www.diariouno.com.ar<\/strong><\/p>\n","protected":false},"excerpt":{"rendered":"<p>El p\u00fablico amante de la\u00a0Fiesta Nacional de la Vendimia 2025\u00a0ya conoce a los\u00a0locutores\u00a0que conducir\u00e1n el imponente evento en el Frank Romero Day. Lo confirm\u00f3 Diego Gareca, subsecretario de Cultura de Mendoza, quien adem\u00e1s dio detalles de la\u00a0venta de entradas\u00a0de &#8220;Guardiana del vino eterno&#8221;. La&nbsp;venta de entradas&nbsp;de la&nbsp;Fiesta de la Vendimia 2025&nbsp;comenz\u00f3 el 12 de febrero [&hellip;]<\/p>\n","protected":false},"author":2,"featured_media":11700,"comment_status":"open","ping_status":"open","sticky":false,"template":"","format":"standard","meta":[],"categories":[74],"tags":[],"_links":{"self":[{"href":"https:\/\/pasaenmendoza.com\/index.php?rest_route=\/wp\/v2\/posts\/11699"}],"collection":[{"href":"https:\/\/pasaenmendoza.com\/index.php?rest_route=\/wp\/v2\/posts"}],"about":[{"href":"https:\/\/pasaenmendoza.com\/index.php?rest_route=\/wp\/v2\/types\/post"}],"author":[{"embeddable":true,"href":"https:\/\/pasaenmendoza.com\/index.php?rest_route=\/wp\/v2\/users\/2"}],"replies":[{"embeddable":true,"href":"https:\/\/pasaenmendoza.com\/index.php?rest_route=%2Fwp%2Fv2%2Fcomments&post=11699"}],"version-history":[{"count":1,"href":"https:\/\/pasaenmendoza.com\/index.php?rest_route=\/wp\/v2\/posts\/11699\/revisions"}],"predecessor-version":[{"id":11701,"href":"https:\/\/pasaenmendoza.com\/index.php?rest_route=\/wp\/v2\/posts\/11699\/revisions\/11701"}],"wp:featuredmedia":[{"embeddable":true,"href":"https:\/\/pasaenmendoza.com\/index.php?rest_route=\/wp\/v2\/media\/11700"}],"wp:attachment":[{"href":"https:\/\/pasaenmendoza.com\/index.php?rest_route=%2Fwp%2Fv2%2Fmedia&parent=11699"}],"wp:term":[{"taxonomy":"category","embeddable":true,"href":"https:\/\/pasaenmendoza.com\/index.php?rest_route=%2Fwp%2Fv2%2Fcategories&post=11699"},{"taxonomy":"post_tag","embeddable":true,"href":"https:\/\/pasaenmendoza.com\/index.php?rest_route=%2Fwp%2Fv2%2Ftags&post=11699"}],"curies":[{"name":"wp","href":"https:\/\/api.w.org\/{rel}","templated":true}]}}