{"id":11702,"date":"2025-02-21T14:50:29","date_gmt":"2025-02-21T13:50:29","guid":{"rendered":"https:\/\/pasaenmendoza.com\/?p=11702"},"modified":"2025-02-21T14:50:30","modified_gmt":"2025-02-21T13:50:30","slug":"alerta-por-calor-extremo-en-mendoza-de-cuanto-sera-la-maxima-este-viernes","status":"publish","type":"post","link":"https:\/\/pasaenmendoza.com\/?p=11702","title":{"rendered":"Alerta por calor extremo en Mendoza: de cu\u00e1nto ser\u00e1 la m\u00e1xima este viernes"},"content":{"rendered":"\n<p>Luego de un jueves&nbsp;<strong>agobiante<\/strong>, las temperaturas seguir\u00e1n subiendo este viernes en la provincia de Mendoza. El&nbsp;<strong>Servicio Meteorol\u00f3gico Nacional<\/strong>&nbsp;emiti\u00f3 un alerta de color amarillo pronosticando temperaturas extremas para esta jornada.<\/p>\n\n\n\n<p>La m\u00e1xima ser\u00e1 de 37\u00b0C y la m\u00ednima de 24\u00b0C. Se espera un d\u00eda muy caluroso en toda la provincia, ya que&nbsp;<strong>Mendoza<\/strong>&nbsp;se encuentra atravesando la quinta ola de calor en lo que va del verano 2024-2025.<\/p>\n\n\n\n<p>Para este s\u00e1bado se aguarda una jornada con\u00a0<strong>40 grados de m\u00e1xima<\/strong>, siendo el d\u00eda m\u00e1s caluroso de la \u00faltima semana en la que hubo un peque\u00f1o alivio por las agobiantes temperaturas.<\/p>\n\n\n\n<p>Para ese mismo d\u00eda se pronosticaron tormentas hacia la noche en la precordillera, con chances de lluvias en el Gran Mendoza.<\/p>\n\n\n\n<p><strong>Fuente: www.elsol.com.ar<\/strong><\/p>\n","protected":false},"excerpt":{"rendered":"<p>Luego de un jueves&nbsp;agobiante, las temperaturas seguir\u00e1n subiendo este viernes en la provincia de Mendoza. El&nbsp;Servicio Meteorol\u00f3gico Nacional&nbsp;emiti\u00f3 un alerta de color amarillo pronosticando temperaturas extremas para esta jornada. La m\u00e1xima ser\u00e1 de 37\u00b0C y la m\u00ednima de 24\u00b0C. Se espera un d\u00eda muy caluroso en toda la provincia, ya que&nbsp;Mendoza&nbsp;se encuentra atravesando la quinta [&hellip;]<\/p>\n","protected":false},"author":2,"featured_media":11703,"comment_status":"open","ping_status":"open","sticky":false,"template":"","format":"standard","meta":[],"categories":[52],"tags":[],"_links":{"self":[{"href":"https:\/\/pasaenmendoza.com\/index.php?rest_route=\/wp\/v2\/posts\/11702"}],"collection":[{"href":"https:\/\/pasaenmendoza.com\/index.php?rest_route=\/wp\/v2\/posts"}],"about":[{"href":"https:\/\/pasaenmendoza.com\/index.php?rest_route=\/wp\/v2\/types\/post"}],"author":[{"embeddable":true,"href":"https:\/\/pasaenmendoza.com\/index.php?rest_route=\/wp\/v2\/users\/2"}],"replies":[{"embeddable":true,"href":"https:\/\/pasaenmendoza.com\/index.php?rest_route=%2Fwp%2Fv2%2Fcomments&post=11702"}],"version-history":[{"count":1,"href":"https:\/\/pasaenmendoza.com\/index.php?rest_route=\/wp\/v2\/posts\/11702\/revisions"}],"predecessor-version":[{"id":11704,"href":"https:\/\/pasaenmendoza.com\/index.php?rest_route=\/wp\/v2\/posts\/11702\/revisions\/11704"}],"wp:featuredmedia":[{"embeddable":true,"href":"https:\/\/pasaenmendoza.com\/index.php?rest_route=\/wp\/v2\/media\/11703"}],"wp:attachment":[{"href":"https:\/\/pasaenmendoza.com\/index.php?rest_route=%2Fwp%2Fv2%2Fmedia&parent=11702"}],"wp:term":[{"taxonomy":"category","embeddable":true,"href":"https:\/\/pasaenmendoza.com\/index.php?rest_route=%2Fwp%2Fv2%2Fcategories&post=11702"},{"taxonomy":"post_tag","embeddable":true,"href":"https:\/\/pasaenmendoza.com\/index.php?rest_route=%2Fwp%2Fv2%2Ftags&post=11702"}],"curies":[{"name":"wp","href":"https:\/\/api.w.org\/{rel}","templated":true}]}}