{"id":11705,"date":"2025-02-21T14:54:17","date_gmt":"2025-02-21T13:54:17","guid":{"rendered":"https:\/\/pasaenmendoza.com\/?p=11705"},"modified":"2025-02-21T14:54:17","modified_gmt":"2025-02-21T13:54:17","slug":"apunalaron-a-un-chofer-de-colectivos-en-un-intento-de-asalto-en-godoy-cruz","status":"publish","type":"post","link":"https:\/\/pasaenmendoza.com\/?p=11705","title":{"rendered":"Apu\u00f1alaron a un chofer de colectivos en un intento de asalto en Godoy Cruz"},"content":{"rendered":"\n<p>Un&nbsp;<strong>chofer de colectivo del Grupo 400&nbsp;<\/strong>fue apu\u00f1alado en el t\u00f3rax durante un intento de asalto ocurrido en la madrugada de este viernes en Godoy Cruz. La v\u00edctima, Omar Alberto Z\u00e1rate (41), fue trasladada de urgencia al Hospital Central, donde permanec\u00eda internada en estado estable y \u201cfuera de peligro\u201d.<\/p>\n\n\n\n<p>Previamente,<strong>&nbsp;el trabajador del volante hab\u00eda llegado manejando herido hasta el Hospital Lencinas<\/strong>, ubicado cerca de la escena del hecho, con la ayuda de algunos pasajeros.<\/p>\n\n\n\n<p>La informaci\u00f3n a la que accedi\u00f3\u00a0<em><strong>El Sol\u00a0<\/strong><\/em>sostiene que el hecho de inseguridad se registr\u00f3 a las 5.25 en la intersecci\u00f3n de\u00a0<strong>San Vicente y Rioja<\/strong>. Seg\u00fan relataron testigos, un joven de 27 a\u00f1os y una mujer de 53, un\u00a0<em>\u201chombre joven\u201d\u00a0<\/em>subi\u00f3 al colectivo e intent\u00f3 arrebatarle la cartera a una pasajera que se encontraba en los primeros asientos, pero no logr\u00f3 su cometido.<\/p>\n\n\n\n<p>Acto seguido, se dirigi\u00f3 al chofer, quien intent\u00f3 evitar el robo, e inici\u00f3 un forcejeo con \u00e9l en el sector de manejo, en medio del cual&nbsp;<strong>lo apu\u00f1al\u00f3 en el&nbsp;<\/strong>pecho antes de darse a la fuga.<\/p>\n\n\n\n<p>Los&nbsp;<strong>pasajeros describieron al agresor como un hombre de tez morena, de aproximadamente 1,80 metros de altura y vestido con prendas de color rojo o bord\u00f3<\/strong>.<\/p>\n\n\n\n<p>Tras el ataque, el colectivero logr\u00f3 trasladar la unidad que conduc\u00eda hasta el Hospital Lencinas, donde fue asistido inicialmente antes de ser derivado al Hospital Central. All\u00ed, el m\u00e9dico de guardia diagnostic\u00f3 una \u201c<strong><em>herida de arma blanca en t\u00f3rax<\/em><\/strong>\u201c.<\/p>\n\n\n\n<p>El caso qued\u00f3 en manos del fiscal de Homicidios Gustavo Pirrello. Tambi\u00e9n trabajaron en el caso para intentar ubicar al sospechoso y en el an\u00e1lisis de c\u00e1maras de seguridad de la v\u00eda p\u00fablica efectivos de la Divisi\u00f3n Robos y Hurtos de Investigaciones. Tambi\u00e9n iban a determinar si la c\u00e1mara del colectivo se encontraba en funcionamiento y registr\u00f3 el hecho de sangre.<\/p>\n\n\n\n<p><strong>Fuente: www.elsol.com.ar<\/strong><\/p>\n","protected":false},"excerpt":{"rendered":"<p>Un&nbsp;chofer de colectivo del Grupo 400&nbsp;fue apu\u00f1alado en el t\u00f3rax durante un intento de asalto ocurrido en la madrugada de este viernes en Godoy Cruz. La v\u00edctima, Omar Alberto Z\u00e1rate (41), fue trasladada de urgencia al Hospital Central, donde permanec\u00eda internada en estado estable y \u201cfuera de peligro\u201d. Previamente,&nbsp;el trabajador del volante hab\u00eda llegado manejando [&hellip;]<\/p>\n","protected":false},"author":2,"featured_media":11706,"comment_status":"open","ping_status":"open","sticky":false,"template":"","format":"standard","meta":[],"categories":[48],"tags":[],"_links":{"self":[{"href":"https:\/\/pasaenmendoza.com\/index.php?rest_route=\/wp\/v2\/posts\/11705"}],"collection":[{"href":"https:\/\/pasaenmendoza.com\/index.php?rest_route=\/wp\/v2\/posts"}],"about":[{"href":"https:\/\/pasaenmendoza.com\/index.php?rest_route=\/wp\/v2\/types\/post"}],"author":[{"embeddable":true,"href":"https:\/\/pasaenmendoza.com\/index.php?rest_route=\/wp\/v2\/users\/2"}],"replies":[{"embeddable":true,"href":"https:\/\/pasaenmendoza.com\/index.php?rest_route=%2Fwp%2Fv2%2Fcomments&post=11705"}],"version-history":[{"count":1,"href":"https:\/\/pasaenmendoza.com\/index.php?rest_route=\/wp\/v2\/posts\/11705\/revisions"}],"predecessor-version":[{"id":11707,"href":"https:\/\/pasaenmendoza.com\/index.php?rest_route=\/wp\/v2\/posts\/11705\/revisions\/11707"}],"wp:featuredmedia":[{"embeddable":true,"href":"https:\/\/pasaenmendoza.com\/index.php?rest_route=\/wp\/v2\/media\/11706"}],"wp:attachment":[{"href":"https:\/\/pasaenmendoza.com\/index.php?rest_route=%2Fwp%2Fv2%2Fmedia&parent=11705"}],"wp:term":[{"taxonomy":"category","embeddable":true,"href":"https:\/\/pasaenmendoza.com\/index.php?rest_route=%2Fwp%2Fv2%2Fcategories&post=11705"},{"taxonomy":"post_tag","embeddable":true,"href":"https:\/\/pasaenmendoza.com\/index.php?rest_route=%2Fwp%2Fv2%2Ftags&post=11705"}],"curies":[{"name":"wp","href":"https:\/\/api.w.org\/{rel}","templated":true}]}}