{"id":11708,"date":"2025-02-21T14:58:03","date_gmt":"2025-02-21T13:58:03","guid":{"rendered":"https:\/\/pasaenmendoza.com\/?p=11708"},"modified":"2025-02-21T14:58:04","modified_gmt":"2025-02-21T13:58:04","slug":"una-persona-en-situacion-de-calle-murio-de-un-infarto-en-pleno-centro","status":"publish","type":"post","link":"https:\/\/pasaenmendoza.com\/?p=11708","title":{"rendered":"Una persona en situaci\u00f3n de calle muri\u00f3 de un infarto en pleno centro"},"content":{"rendered":"\n<p>Un hombre de 68 a\u00f1os que se encontraba en situaci\u00f3n de calle<strong>&nbsp;muri\u00f3 de un infarto en pleno centro mendocino<\/strong>. El hecho ocurri\u00f3 en la ma\u00f1ana de este viernes, en Col\u00f3n y Patricias Mendocinas.<\/p>\n\n\n\n<p>Mientras\u00a0<strong>Polic\u00eda Cient\u00edfica<\/strong>\u00a0a\u00fan trabaja en el lugar, gente de la zona indic\u00f3 que el sujeto empez\u00f3 a sentirse mal, por lo que<strong>\u00a0pidi\u00f3 asistencia en un local de comida de la zona, donde comenzaron con la reanimaci\u00f3n<\/strong>, a la espera de la ambulancia.<\/p>\n\n\n\n<p>Al llegar el servicio m\u00e9dico a la zona, intentaron reanimarlo, pero<strong>\u00a0<\/strong>el hombre falleci\u00f3 minutos m\u00e1s tarde.<\/p>\n\n\n\n<p><strong>Fuente: www.elsol.com.ar<\/strong><\/p>\n","protected":false},"excerpt":{"rendered":"<p>Un hombre de 68 a\u00f1os que se encontraba en situaci\u00f3n de calle&nbsp;muri\u00f3 de un infarto en pleno centro mendocino. El hecho ocurri\u00f3 en la ma\u00f1ana de este viernes, en Col\u00f3n y Patricias Mendocinas. Mientras\u00a0Polic\u00eda Cient\u00edfica\u00a0a\u00fan trabaja en el lugar, gente de la zona indic\u00f3 que el sujeto empez\u00f3 a sentirse mal, por lo que\u00a0pidi\u00f3 asistencia [&hellip;]<\/p>\n","protected":false},"author":2,"featured_media":11709,"comment_status":"open","ping_status":"open","sticky":false,"template":"","format":"standard","meta":[],"categories":[48],"tags":[],"_links":{"self":[{"href":"https:\/\/pasaenmendoza.com\/index.php?rest_route=\/wp\/v2\/posts\/11708"}],"collection":[{"href":"https:\/\/pasaenmendoza.com\/index.php?rest_route=\/wp\/v2\/posts"}],"about":[{"href":"https:\/\/pasaenmendoza.com\/index.php?rest_route=\/wp\/v2\/types\/post"}],"author":[{"embeddable":true,"href":"https:\/\/pasaenmendoza.com\/index.php?rest_route=\/wp\/v2\/users\/2"}],"replies":[{"embeddable":true,"href":"https:\/\/pasaenmendoza.com\/index.php?rest_route=%2Fwp%2Fv2%2Fcomments&post=11708"}],"version-history":[{"count":1,"href":"https:\/\/pasaenmendoza.com\/index.php?rest_route=\/wp\/v2\/posts\/11708\/revisions"}],"predecessor-version":[{"id":11710,"href":"https:\/\/pasaenmendoza.com\/index.php?rest_route=\/wp\/v2\/posts\/11708\/revisions\/11710"}],"wp:featuredmedia":[{"embeddable":true,"href":"https:\/\/pasaenmendoza.com\/index.php?rest_route=\/wp\/v2\/media\/11709"}],"wp:attachment":[{"href":"https:\/\/pasaenmendoza.com\/index.php?rest_route=%2Fwp%2Fv2%2Fmedia&parent=11708"}],"wp:term":[{"taxonomy":"category","embeddable":true,"href":"https:\/\/pasaenmendoza.com\/index.php?rest_route=%2Fwp%2Fv2%2Fcategories&post=11708"},{"taxonomy":"post_tag","embeddable":true,"href":"https:\/\/pasaenmendoza.com\/index.php?rest_route=%2Fwp%2Fv2%2Ftags&post=11708"}],"curies":[{"name":"wp","href":"https:\/\/api.w.org\/{rel}","templated":true}]}}