{"id":11711,"date":"2025-02-21T15:16:34","date_gmt":"2025-02-21T14:16:34","guid":{"rendered":"https:\/\/pasaenmendoza.com\/?p=11711"},"modified":"2025-02-21T15:16:35","modified_gmt":"2025-02-21T14:16:35","slug":"detuvieron-al-hombre-que-apunalo-a-un-colectivero-en-godoy-cruz","status":"publish","type":"post","link":"https:\/\/pasaenmendoza.com\/?p=11711","title":{"rendered":"Detuvieron al hombre que apu\u00f1al\u00f3 a un colectivero en Godoy Cruz"},"content":{"rendered":"\n<p>Un&nbsp;<strong>chofer de colectivo del Grupo 400&nbsp;<\/strong>fue apu\u00f1alado en el t\u00f3rax durante un intento de asalto ocurrido en la madrugada de este viernes en Godoy Cruz. La v\u00edctima, Omar Alberto Z\u00e1rate (41), fue trasladada de urgencia al Hospital Central, donde permanec\u00eda internada en estado estable y \u201cfuera de peligro\u201d.<\/p>\n\n\n\n<p>Horas m\u00e1s tarde, el Ministerio de Seguridad de Mendoza confirm\u00f3 la aprehensi\u00f3n del autor de las lesiones del colectivero, que seg\u00fan la ministra Mercedes Rus, cuenta con un extenso prontuario.<\/p>\n\n\n\n<p>Seg\u00fan la informaci\u00f3n a la que accedi\u00f3\u00a0<strong>El Sol,<\/strong>\u00a0fue reconocido mediante las grabaciones de las\u00a0<strong>c\u00e1maras del colectivo<\/strong>\u00a0y fue atrapado en el interior del barrio Razquin del departamento de Godoy Cruz.<\/p>\n\n\n\n<p>Los&nbsp;<strong>pasajeros describieron al agresor como un hombre de tez morena, de aproximadamente 1,80 metros de altura y vestido con prendas de color rojo o bord\u00f3<\/strong>.<\/p>\n\n\n\n<p>La informaci\u00f3n que recolect\u00f3 este medio<em><strong>&nbsp;<\/strong><\/em>sostiene que el hecho de inseguridad se registr\u00f3 a las 5.25 en la intersecci\u00f3n de&nbsp;<strong>San Vicente y Rioja<\/strong>. Seg\u00fan relataron testigos, un joven de 27 a\u00f1os y una mujer de 53, un&nbsp;<em>\u201chombre joven\u201d&nbsp;<\/em>subi\u00f3 al colectivo e intent\u00f3 arrebatarle la cartera a una pasajera que se encontraba en los primeros asientos, pero no logr\u00f3 su cometido.<\/p>\n\n\n\n<p>Acto seguido, se dirigi\u00f3 al chofer, quien intent\u00f3 evitar el robo, e inici\u00f3 un forcejeo con \u00e9l en el sector de manejo, en medio del cual\u00a0<strong>lo apu\u00f1al\u00f3 en el\u00a0<\/strong>pecho antes de darse a la fuga.<\/p>\n\n\n\n<p>Tras el ataque, el colectivero logr\u00f3 trasladar la unidad que conduc\u00eda hasta el Hospital Lencinas, donde fue asistido inicialmente antes de ser derivado al Hospital Central. All\u00ed, el m\u00e9dico de guardia diagnostic\u00f3 una \u201c<strong><em>herida de arma blanca en t\u00f3rax<\/em><\/strong>\u201c.<\/p>\n\n\n\n<p>Se difundi\u00f3 el amplio prontuario que tiene el detenido por el hecho. En el registro se pudo observar que el hombre anteriormente cometi\u00f3 delitos como robos y hurtos simples en una gran cantidad de ocasiones desde el a\u00f1o 2013 hasta la actualidad con continuidad.<\/p>\n\n\n\n<p><strong>Fuente: www.elsol.com.ar<\/strong><\/p>\n","protected":false},"excerpt":{"rendered":"<p>Un&nbsp;chofer de colectivo del Grupo 400&nbsp;fue apu\u00f1alado en el t\u00f3rax durante un intento de asalto ocurrido en la madrugada de este viernes en Godoy Cruz. La v\u00edctima, Omar Alberto Z\u00e1rate (41), fue trasladada de urgencia al Hospital Central, donde permanec\u00eda internada en estado estable y \u201cfuera de peligro\u201d. Horas m\u00e1s tarde, el Ministerio de Seguridad [&hellip;]<\/p>\n","protected":false},"author":2,"featured_media":11712,"comment_status":"open","ping_status":"open","sticky":false,"template":"","format":"standard","meta":[],"categories":[48],"tags":[],"_links":{"self":[{"href":"https:\/\/pasaenmendoza.com\/index.php?rest_route=\/wp\/v2\/posts\/11711"}],"collection":[{"href":"https:\/\/pasaenmendoza.com\/index.php?rest_route=\/wp\/v2\/posts"}],"about":[{"href":"https:\/\/pasaenmendoza.com\/index.php?rest_route=\/wp\/v2\/types\/post"}],"author":[{"embeddable":true,"href":"https:\/\/pasaenmendoza.com\/index.php?rest_route=\/wp\/v2\/users\/2"}],"replies":[{"embeddable":true,"href":"https:\/\/pasaenmendoza.com\/index.php?rest_route=%2Fwp%2Fv2%2Fcomments&post=11711"}],"version-history":[{"count":1,"href":"https:\/\/pasaenmendoza.com\/index.php?rest_route=\/wp\/v2\/posts\/11711\/revisions"}],"predecessor-version":[{"id":11713,"href":"https:\/\/pasaenmendoza.com\/index.php?rest_route=\/wp\/v2\/posts\/11711\/revisions\/11713"}],"wp:featuredmedia":[{"embeddable":true,"href":"https:\/\/pasaenmendoza.com\/index.php?rest_route=\/wp\/v2\/media\/11712"}],"wp:attachment":[{"href":"https:\/\/pasaenmendoza.com\/index.php?rest_route=%2Fwp%2Fv2%2Fmedia&parent=11711"}],"wp:term":[{"taxonomy":"category","embeddable":true,"href":"https:\/\/pasaenmendoza.com\/index.php?rest_route=%2Fwp%2Fv2%2Fcategories&post=11711"},{"taxonomy":"post_tag","embeddable":true,"href":"https:\/\/pasaenmendoza.com\/index.php?rest_route=%2Fwp%2Fv2%2Ftags&post=11711"}],"curies":[{"name":"wp","href":"https:\/\/api.w.org\/{rel}","templated":true}]}}