{"id":11717,"date":"2025-02-21T23:02:13","date_gmt":"2025-02-21T22:02:13","guid":{"rendered":"https:\/\/pasaenmendoza.com\/?p=11717"},"modified":"2025-02-21T23:02:14","modified_gmt":"2025-02-21T22:02:14","slug":"cornejo-acordo-con-nacion-su-colaboracion-en-la-mejora-de-servicios-en-el-paso-a-chile","status":"publish","type":"post","link":"https:\/\/pasaenmendoza.com\/?p=11717","title":{"rendered":"Cornejo acord\u00f3 con Naci\u00f3n su colaboraci\u00f3n en la mejora de servicios en el paso a Chile"},"content":{"rendered":"\n<p>El gobernador de Mendoza,\u00a0<strong>Alfredo Cornejo<\/strong>, y el vicejefe de Gabinete del Interior de la Naci\u00f3n, Lisandro Catal\u00e1n, firmaron un acuerdo macro para coordinar la planificaci\u00f3n, ejecuci\u00f3n y supervisi\u00f3n de obras que pongan en valor el\u00a0sistema\u00a0<strong>Cristo Redentor<\/strong>, el principal paso de frontera con Chile.<\/p>\n\n\n\n<p>El objetivo es modernizar el&nbsp;<strong>paso a Chile<\/strong>, como el resto de los pasos fronterizos, con el aporte de privados y la colaboraci\u00f3n de los Estados nacional y provincial.<\/p>\n\n\n\n<p>Ya el vocero presidencial\u00a0Manuel Adorni hab\u00eda anunciado el lanzamiento de licitaciones para las \u00e1reas de servicios del\u00a0<strong>Cristo Redentor<\/strong>. Seg\u00fan confirmaron desde Naci\u00f3n, a\u00fan no hay fecha concreta para su apertura pero la firma de este convenio es uno de los pasos previos.<\/p>\n\n\n\n<p>\u201cEn lo inmediato, estamos trabajando para poner en valor la infraestructura edilicia y modernizar las instalaciones de organismos como&nbsp;<strong>aduana y migraciones<\/strong>, para adecuarnos a los m\u00e1s altos est\u00e1ndares internacionales y dar un mejor servicio\u201d, expres\u00f3 Catal\u00e1n.<\/p>\n\n\n\n<h2 class=\"wp-block-heading\">De qu\u00e9 sirve el convenio por el paso a Chile<\/h2>\n\n\n\n<p>Este acuerdo macro es el que le da inicio al proceso de mejoras en el&nbsp;<strong>paso a Chile&nbsp;<\/strong>que pretenden la Naci\u00f3n y Mendoza. Seg\u00fan confi\u00f3 Alfredo Cornejo en conferencia de prensa, a lo largo del a\u00f1o se ir\u00e1 \u201cavanzando en lo espec\u00edfico\u201d.<\/p>\n\n\n\n<p>Estos cambios incluyen la licitaci\u00f3n de \u00e1reas de servicio que rodean al&nbsp;<strong>complejo fronterizo Horcones<\/strong>&nbsp;y que busca que privados se hagan cargo de las obras y la explotaci\u00f3n de las mismas con hoteles, restorantes y comercios, entre otros rubros.<\/p>\n\n\n\n<p>\u201cEn<strong>\u00a0Cristo Redentor<\/strong>, el promedio de circulaci\u00f3n es de 7.000 veh\u00edculos diarios en las temporadas bajas y 15.000 veh\u00edculos diarios en temporadas altas. Adem\u00e1s, a lo largo del a\u00f1o circulan un promedio diario de 1.000 y 1.200 camiones. Esto nos demuestra a las claras la importancia de esta gesti\u00f3n concreta y de todo el trabajo conjunto que llevamos adelante con la provincia de Mendoza\u201d, dijo el funcionario nacional.<\/p>\n\n\n\n<p>A ese diagn\u00f3stico, Naci\u00f3n lleg\u00f3 despu\u00e9s de varias reuniones con el Gobierno de Mendoza. En las mismas, tanto Cornejo como los ministros de Producci\u00f3n. Rodolfo Vargas Arizu, y de Seguridad, Mercedes Rus, detallaron los inconvenientes del<strong>&nbsp;paso a Chile&nbsp;<\/strong>y su necesidad de reformas.<\/p>\n\n\n\n<p>\u201cAcordamos que Mendoza se comprometa a\u00fan m\u00e1s en el paso fronterizo, aunque no le competa, porque repercute en la vida social y econ\u00f3mica de los mendocinos\u201d, dijo<strong>&nbsp;Alfredo Cornejo<\/strong>&nbsp;tras la firma.<\/p>\n\n\n\n<p>\u201cEsta temporada ya hemos contribuido pero la falta de infraestructura de a\u00f1os en el pa\u00eds y el incremento de la cantidad de autos y camiones que transitan por el<strong>&nbsp;paso a Chile<\/strong>&nbsp;hace las cosas imposibles. Y si a eso se le suma que Chile no ha colaborado con sus servicios esenciales, estos meses se volvieron tormentosos\u201d, analiz\u00f3 el gobernador de Mendoza.<\/p>\n\n\n\n<p>Sabido es que para que las mejoras se vean en el&nbsp;<strong>paso Cristo Redentor<\/strong>&nbsp;la inversi\u00f3n debe ser fuerte; pero \u2013dijo Cornejo- \u201calgunas cosas que se pueden ir acomodando sin ella\u201d.<\/p>\n\n\n\n<h2 class=\"wp-block-heading\">Aporte de privados en los servicios del paso a Chile<\/h2>\n\n\n\n<p>Naci\u00f3n ya est\u00e1 recibiendo ofertas para la modernizaci\u00f3n de otros pasos fronterizos, como Paso de los Libres, en Corrientes, en la frontera con Brasil. Y este acuerdo firmado con Mendoza, permitir\u00e1 explorar modelos de inversi\u00f3n privada para mejorar la infraestructura fronteriza del&nbsp;<strong>Paso Cristo Redentor<\/strong>.<\/p>\n\n\n\n<p>Desde Naci\u00f3n adelantaron a\u00a0que aquel modelo implementado en Paso de los Libres podr\u00eda ser el que se implemente en el Cristo Redentor.<\/p>\n\n\n\n<p>\u201cEl convenio que firmamos hoy nos permite dar el puntapi\u00e9 inicial en la b\u00fasqueda de propuestas privadas para desarrollar, a trav\u00e9s de concesiones y financiamiento privado, un puesto de frontera moderno en el\u00a0<strong>paso a Chile<\/strong>. No solo brindar\u00e1 servicios de migraciones y aduanas sino que tambi\u00e9n incluir\u00e1 prestaciones para turistas y ciudadanos\u201d, agreg\u00f3 Catal\u00e1n.<\/p>\n\n\n\n<p><strong>Fuente: www.diariouno.com.ar<\/strong><\/p>\n","protected":false},"excerpt":{"rendered":"<p>El gobernador de Mendoza,\u00a0Alfredo Cornejo, y el vicejefe de Gabinete del Interior de la Naci\u00f3n, Lisandro Catal\u00e1n, firmaron un acuerdo macro para coordinar la planificaci\u00f3n, ejecuci\u00f3n y supervisi\u00f3n de obras que pongan en valor el\u00a0sistema\u00a0Cristo Redentor, el principal paso de frontera con Chile. El objetivo es modernizar el&nbsp;paso a Chile, como el resto de los [&hellip;]<\/p>\n","protected":false},"author":2,"featured_media":11719,"comment_status":"open","ping_status":"open","sticky":false,"template":"","format":"standard","meta":[],"categories":[47],"tags":[],"_links":{"self":[{"href":"https:\/\/pasaenmendoza.com\/index.php?rest_route=\/wp\/v2\/posts\/11717"}],"collection":[{"href":"https:\/\/pasaenmendoza.com\/index.php?rest_route=\/wp\/v2\/posts"}],"about":[{"href":"https:\/\/pasaenmendoza.com\/index.php?rest_route=\/wp\/v2\/types\/post"}],"author":[{"embeddable":true,"href":"https:\/\/pasaenmendoza.com\/index.php?rest_route=\/wp\/v2\/users\/2"}],"replies":[{"embeddable":true,"href":"https:\/\/pasaenmendoza.com\/index.php?rest_route=%2Fwp%2Fv2%2Fcomments&post=11717"}],"version-history":[{"count":1,"href":"https:\/\/pasaenmendoza.com\/index.php?rest_route=\/wp\/v2\/posts\/11717\/revisions"}],"predecessor-version":[{"id":11720,"href":"https:\/\/pasaenmendoza.com\/index.php?rest_route=\/wp\/v2\/posts\/11717\/revisions\/11720"}],"wp:featuredmedia":[{"embeddable":true,"href":"https:\/\/pasaenmendoza.com\/index.php?rest_route=\/wp\/v2\/media\/11719"}],"wp:attachment":[{"href":"https:\/\/pasaenmendoza.com\/index.php?rest_route=%2Fwp%2Fv2%2Fmedia&parent=11717"}],"wp:term":[{"taxonomy":"category","embeddable":true,"href":"https:\/\/pasaenmendoza.com\/index.php?rest_route=%2Fwp%2Fv2%2Fcategories&post=11717"},{"taxonomy":"post_tag","embeddable":true,"href":"https:\/\/pasaenmendoza.com\/index.php?rest_route=%2Fwp%2Fv2%2Ftags&post=11717"}],"curies":[{"name":"wp","href":"https:\/\/api.w.org\/{rel}","templated":true}]}}