{"id":11727,"date":"2025-02-24T13:08:40","date_gmt":"2025-02-24T12:08:40","guid":{"rendered":"https:\/\/pasaenmendoza.com\/?p=11727"},"modified":"2025-02-24T13:08:41","modified_gmt":"2025-02-24T12:08:41","slug":"alerta-naranja-por-calor-extremo-en-mendoza-para-este-lunes","status":"publish","type":"post","link":"https:\/\/pasaenmendoza.com\/?p=11727","title":{"rendered":"Alerta naranja por calor extremo en Mendoza para este lunes"},"content":{"rendered":"\n<p>Luego de un agobiante fin de semana, el calor no dar\u00e1 respiro en Mendoza al menos por este lunes. Se espera que sea una jornada con altas temperaturas nuevamente y con la probabilidad de ocurrencia de&nbsp;<strong>tormentas<\/strong>.<\/p>\n\n\n\n<p>Seg\u00fan indica el pron\u00f3stico ser\u00e1 un lunes caluroso, h\u00famedo con nubosidad variable y tormentas aisladas. M\u00ednima de 25\u00b0C y m\u00e1xima de 35\u00b0C.<\/p>\n\n\n\n<p>El<strong>&nbsp;Servicio Meteorol\u00f3gico Nacional<\/strong>&nbsp;inform\u00f3 este lunes que&nbsp;<strong>Mendoza&nbsp;<\/strong>se encuentra bajo un alerta naranja por calor extremo en todo el territorio provincial.<\/p>\n\n\n\n<p>A su vez, rige un alerta amarillo por\u00a0<strong>tormentas\u00a0<\/strong>hacia la tarde y la noche en distintos sectores de la provincia. Esto no incluye al\u00a0<strong>Gran Mendoza<\/strong>, pero si al Sur, al Este y a parte del Norte de Mendoza.<\/p>\n\n\n\n<p><strong>Fuente: www.elsol.com.ar<\/strong><\/p>\n","protected":false},"excerpt":{"rendered":"<p>Luego de un agobiante fin de semana, el calor no dar\u00e1 respiro en Mendoza al menos por este lunes. Se espera que sea una jornada con altas temperaturas nuevamente y con la probabilidad de ocurrencia de&nbsp;tormentas. Seg\u00fan indica el pron\u00f3stico ser\u00e1 un lunes caluroso, h\u00famedo con nubosidad variable y tormentas aisladas. M\u00ednima de 25\u00b0C y [&hellip;]<\/p>\n","protected":false},"author":2,"featured_media":11728,"comment_status":"open","ping_status":"open","sticky":false,"template":"","format":"standard","meta":[],"categories":[52],"tags":[],"_links":{"self":[{"href":"https:\/\/pasaenmendoza.com\/index.php?rest_route=\/wp\/v2\/posts\/11727"}],"collection":[{"href":"https:\/\/pasaenmendoza.com\/index.php?rest_route=\/wp\/v2\/posts"}],"about":[{"href":"https:\/\/pasaenmendoza.com\/index.php?rest_route=\/wp\/v2\/types\/post"}],"author":[{"embeddable":true,"href":"https:\/\/pasaenmendoza.com\/index.php?rest_route=\/wp\/v2\/users\/2"}],"replies":[{"embeddable":true,"href":"https:\/\/pasaenmendoza.com\/index.php?rest_route=%2Fwp%2Fv2%2Fcomments&post=11727"}],"version-history":[{"count":1,"href":"https:\/\/pasaenmendoza.com\/index.php?rest_route=\/wp\/v2\/posts\/11727\/revisions"}],"predecessor-version":[{"id":11729,"href":"https:\/\/pasaenmendoza.com\/index.php?rest_route=\/wp\/v2\/posts\/11727\/revisions\/11729"}],"wp:featuredmedia":[{"embeddable":true,"href":"https:\/\/pasaenmendoza.com\/index.php?rest_route=\/wp\/v2\/media\/11728"}],"wp:attachment":[{"href":"https:\/\/pasaenmendoza.com\/index.php?rest_route=%2Fwp%2Fv2%2Fmedia&parent=11727"}],"wp:term":[{"taxonomy":"category","embeddable":true,"href":"https:\/\/pasaenmendoza.com\/index.php?rest_route=%2Fwp%2Fv2%2Fcategories&post=11727"},{"taxonomy":"post_tag","embeddable":true,"href":"https:\/\/pasaenmendoza.com\/index.php?rest_route=%2Fwp%2Fv2%2Ftags&post=11727"}],"curies":[{"name":"wp","href":"https:\/\/api.w.org\/{rel}","templated":true}]}}