{"id":11733,"date":"2025-02-24T13:34:56","date_gmt":"2025-02-24T12:34:56","guid":{"rendered":"https:\/\/pasaenmendoza.com\/?p=11733"},"modified":"2025-02-24T13:34:57","modified_gmt":"2025-02-24T12:34:57","slug":"los-estudiantes-vuelven-a-las-aulas-comienza-el-ciclo-lectivo-2025-en-mendoza","status":"publish","type":"post","link":"https:\/\/pasaenmendoza.com\/?p=11733","title":{"rendered":"Los estudiantes vuelven a las aulas: comienza el ciclo lectivo 2025 en Mendoza"},"content":{"rendered":"\n<p>Luego de un receso de un poco mas de dos meses, este lunes 24 de febrero, la Direcci\u00f3n General de Escuelas (DGE) dio&nbsp;<strong>inicio al ciclo lectivo 2025, para todos los niveles y modalidades.<\/strong><\/p>\n\n\n\n<p>Tal como se viene estableciendo a\u00f1os atr\u00e1s, el objetivo de la cartera conducida por Tadeo Garc\u00eda Zalazar es garantizar, como m\u00ednimo,&nbsp;<strong>los 190 d\u00edas de clases<\/strong>&nbsp;que se establecieron por resoluci\u00f3n del Consejo Federal de Educaci\u00f3n.<\/p>\n\n\n\n<p>Durante las primeras horas de este lunes, las calles de la provincia se llenaron de miles de estudiantes dispuestos a iniciar su per\u00edodo escolar.<\/p>\n\n\n\n<p>Tambi\u00e9n volvi\u00f3 a notarse mucho m\u00e1s cargado el tr\u00e1fico en el centro de Mendoza y retorn\u00f3 la doble fila en la puerta de algunos colegios.<\/p>\n\n\n\n<p>Algunos, con m\u00e1s ganas que otros, pero todos con las expectativas de que sea un gran a\u00f1o.<\/p>\n\n\n\n<h2 class=\"wp-block-heading\" id=\"h-fechas-claves-para-tener-en-cuenta\">Fechas claves para tener en cuenta<\/h2>\n\n\n\n<p>Un dato que no se puede pasar por alto es que este a\u00f1o, a diferencia del 2024,&nbsp;<strong>los chicos arrancan el periodo escolar dos d\u00edas antes y terminar\u00e1n una semana despu\u00e9s.<\/strong><\/p>\n\n\n\n<p>Y es que seg\u00fan el calendario escolar establecido por las autoridades de la DGE,&nbsp;<strong>la fecha de culminaci\u00f3n de clases est\u00e1 prevista para el 19 de diciembre del 2025.<\/strong><\/p>\n\n\n\n<p>En tanto, el receso escolar est\u00e1 estipulado entre el 7 y el 20 de julio.<\/p>\n\n\n\n<p><strong>Fuente: www.elsol.com.ar<\/strong><\/p>\n","protected":false},"excerpt":{"rendered":"<p>Luego de un receso de un poco mas de dos meses, este lunes 24 de febrero, la Direcci\u00f3n General de Escuelas (DGE) dio&nbsp;inicio al ciclo lectivo 2025, para todos los niveles y modalidades. Tal como se viene estableciendo a\u00f1os atr\u00e1s, el objetivo de la cartera conducida por Tadeo Garc\u00eda Zalazar es garantizar, como m\u00ednimo,&nbsp;los 190 [&hellip;]<\/p>\n","protected":false},"author":2,"featured_media":11734,"comment_status":"open","ping_status":"open","sticky":false,"template":"","format":"standard","meta":[],"categories":[56],"tags":[],"_links":{"self":[{"href":"https:\/\/pasaenmendoza.com\/index.php?rest_route=\/wp\/v2\/posts\/11733"}],"collection":[{"href":"https:\/\/pasaenmendoza.com\/index.php?rest_route=\/wp\/v2\/posts"}],"about":[{"href":"https:\/\/pasaenmendoza.com\/index.php?rest_route=\/wp\/v2\/types\/post"}],"author":[{"embeddable":true,"href":"https:\/\/pasaenmendoza.com\/index.php?rest_route=\/wp\/v2\/users\/2"}],"replies":[{"embeddable":true,"href":"https:\/\/pasaenmendoza.com\/index.php?rest_route=%2Fwp%2Fv2%2Fcomments&post=11733"}],"version-history":[{"count":1,"href":"https:\/\/pasaenmendoza.com\/index.php?rest_route=\/wp\/v2\/posts\/11733\/revisions"}],"predecessor-version":[{"id":11735,"href":"https:\/\/pasaenmendoza.com\/index.php?rest_route=\/wp\/v2\/posts\/11733\/revisions\/11735"}],"wp:featuredmedia":[{"embeddable":true,"href":"https:\/\/pasaenmendoza.com\/index.php?rest_route=\/wp\/v2\/media\/11734"}],"wp:attachment":[{"href":"https:\/\/pasaenmendoza.com\/index.php?rest_route=%2Fwp%2Fv2%2Fmedia&parent=11733"}],"wp:term":[{"taxonomy":"category","embeddable":true,"href":"https:\/\/pasaenmendoza.com\/index.php?rest_route=%2Fwp%2Fv2%2Fcategories&post=11733"},{"taxonomy":"post_tag","embeddable":true,"href":"https:\/\/pasaenmendoza.com\/index.php?rest_route=%2Fwp%2Fv2%2Ftags&post=11733"}],"curies":[{"name":"wp","href":"https:\/\/api.w.org\/{rel}","templated":true}]}}