{"id":11748,"date":"2025-02-24T23:05:40","date_gmt":"2025-02-24T22:05:40","guid":{"rendered":"https:\/\/pasaenmendoza.com\/?p=11748"},"modified":"2025-02-24T23:05:41","modified_gmt":"2025-02-24T22:05:41","slug":"la-postura-de-mendoza-frente-a-los-casos-positivos-de-sarampion-registrados-en-el-pais","status":"publish","type":"post","link":"https:\/\/pasaenmendoza.com\/?p=11748","title":{"rendered":"La postura de Mendoza frente a los casos positivos de Sarampi\u00f3n registrados en el pa\u00eds"},"content":{"rendered":"\n<p>Hay mucha preocupaci\u00f3n en el pa\u00eds por la presencia de&nbsp;<strong>Sarampi\u00f3n<\/strong>&nbsp;en la&nbsp;<strong>Ciudad de Buenos Aires<\/strong>. En las \u00faltimas horas,&nbsp;<strong>el Ministerio de Salud de la Naci\u00f3n confirm\u00f3 el cuarto caso<\/strong>, el m\u00e1s reciente fue el de una joven de 18 a\u00f1os sin antecedente de viaje, y ante esto, reforz\u00f3 el plan de contingencias que se dispuso en enero en todo el pa\u00eds, cuando surgi\u00f3 el primer contagio y se declar\u00f3 el alerta epidemiol\u00f3gico.<\/p>\n\n\n\n<p>En tanto, en&nbsp;<strong>Mendoza<\/strong>&nbsp;<strong>no se han registrado contagios,<\/strong>&nbsp;sin embargo, las autoridades de la cartera conducida por Rodolfo Montero junto con el \u00e1rea de Epidemiolog\u00eda han previsto&nbsp;<strong>reforzar la campa\u00f1a de vacunaci\u00f3n<\/strong>&nbsp;que se lanz\u00f3 en el 2019, en plena pandemia de coronavirus.<\/p>\n\n\n\n<p><strong><em>\u201cAnte esta alerta epidemiol\u00f3gica se recomienda a la poblaci\u00f3n verificar en el carnet de vacunaci\u00f3n el registro de al menos dos dosis de vacuna contra el sarampi\u00f3n (doble o triple viral) y consultar inmediatamente ante la presencia de fiebre y exantema<\/em><\/strong>\u201d, expres\u00f3 la directora de Epidemiolog\u00eda de Mendoza,&nbsp;<strong>Andrea Falaschi<\/strong>.<\/p>\n\n\n\n<h2 class=\"wp-block-heading\" id=\"h-como-prevenir-la-enfermedad\">C\u00f3mo prevenir la enfermedad<\/h2>\n\n\n\n<p>Todas las personas, cumplido el primer a\u00f1o de vida, deben tener esquema de vacunaci\u00f3n completo contra el sarampi\u00f3n y la rubeola, seg\u00fan Calendario Nacional de Vacunaci\u00f3n.<\/p>\n\n\n\n<p>En caso&nbsp;de no tenerlas o desconocer el antecedente de vacunaci\u00f3n, deben aplicarse dos dosis de&nbsp;<strong>vacunaci\u00f3n&nbsp;<\/strong>triple viral SRP, separadas por cuatro semanas.<\/p>\n\n\n\n<h3 class=\"wp-block-heading\" id=\"h-los-que-deben-vacunarse\">Los que deben vacunarse:<\/h3>\n\n\n\n<ul>\n<li>Ni\u00f1os de 12 meses hasta los 3 a\u00f1os 11 meses y 29 d\u00edas: deben tener aplicada una dosis de vacuna triple viral (SRP)<\/li>\n\n\n\n<li>Ni\u00f1os nacidos en el 2020 hayan o no cumplido a\u00fan los 5 a\u00f1os deben tener 2 dosis de vacuna triple viral (SRP)<\/li>\n\n\n\n<li>Mayores de 5 a\u00f1os, adolescentes y adultos nacidos a partir de 1965 deben acreditar al menos DOS DOSIS de vacuna con ponente contra sarampi\u00f3n y rub\u00e9ola aplicada despu\u00e9s del a\u00f1o de vida (doble o triple viraI) o contar con serolog\u00eda IgG positiva para sarampi\u00f3n y rub\u00e9ola.<\/li>\n<\/ul>\n\n\n\n<p><strong>La vacuna es gratuita<\/strong>&nbsp;y no es necesario contar con una orden m\u00e9dica para acceder a ella.<\/p>\n\n\n\n<p>Cabe aclarar que&nbsp;<strong>las dosis est\u00e1n contraindicada en pacientes inmunosuprimidos y embarazadas,<\/strong>&nbsp;por lo que es importante que sus convivientes est\u00e9n debidamente inmunizados para que act\u00faen como barrera protectora evitando el contagio.<\/p>\n\n\n\n<p>Los que deseen, pueden inmunizarse en el Vacunatorio Central o en todos los centros de salud o nosocomios de la provincia que cuenten con vacunatorio.<\/p>\n\n\n\n<h2 class=\"wp-block-heading\" id=\"h-antecedentes-de-sarampion-en-mendoza\">Antecedentes de sarampi\u00f3n en Mendoza<\/h2>\n\n\n\n<p><strong>En Mendoza, el \u00faltimo registro se dio entre 1997 y 1998 cuando 34 personas resultaron contagiadas por el virus<\/strong>&nbsp;que de igual manera fue importado tras un viaje al exterior.<\/p>\n\n\n\n<p>\u201cDespu\u00e9s de la pandemia, las coberturas de vacunaci\u00f3n han disminuido a nivel mundial, lo que nos pone en riesgo de reaparici\u00f3n de enfermedades, tal como est\u00e1 ocurriendo con el brote de sarampi\u00f3n en CABA. La disminuci\u00f3n de las coberturas de vacunaci\u00f3n a nivel mundial se debe a la falta de percepci\u00f3n del riesgo por parte de las nuevas generaciones que no han visto sarampi\u00f3n, hepatitis A o polio as\u00ed como la desinformaci\u00f3n o falsas noticias sobre las vacunas cre\u00e1ndose un contexto muy complejo desde el punto sanitario\u201d, explic\u00f3 la titular de Inmunolog\u00eda de Mendoza,&nbsp;<strong>Iris Aguilar.<\/strong><\/p>\n\n\n\n<p>En el\u00a0<strong>2012, hubo 14 sospechas de contagios y en el 2013, 8 pero no fueron confirmados<\/strong>.<\/p>\n\n\n\n<h2 class=\"wp-block-heading\" id=\"h-que-es-el-sarampion\">\u00bfQu\u00e9 es el sarampi\u00f3n?<\/h2>\n\n\n\n<p>El&nbsp;<strong>sarampi\u00f3n<\/strong>&nbsp;es una enfermedad viral muy contagiosa y potencialmente grave o fatal, que&nbsp;se propaga f\u00e1cilmente cuando la persona infectada elimina secreciones&nbsp;respiratorias al hablar, toser o estornudar, o por estar en contacto con cualquier objeto contaminado.<\/p>\n\n\n\n<p>Afecta sobre todo a los ni\u00f1os y en algunos casos puede ser letal.<\/p>\n\n\n\n<p>A la hora de prevenir la enfermedad, la \u00fanica alternativa efectiva es la vacuna triple viral. Esta&nbsp;vacuna es obligatoria y debe ser aplicada a los ni\u00f1os al cumplir el a\u00f1o de&nbsp;vida con un refuerzo al ingreso escolar, seg\u00fan el Calendario Nacional de Vacunaci\u00f3n.<\/p>\n\n\n\n<p>Respecto a los s\u00edntomas que presentan las personas<\/p>\n\n\n\n<ul>\n<li>Fiebre alta.<\/li>\n\n\n\n<li>Erupci\u00f3n en la cara y cuello que se va extendiendo al resto del cuerpo.<\/li>\n\n\n\n<li>Secreci\u00f3n nasal, conjuntivitis y tos.<\/li>\n\n\n\n<li>Peque\u00f1as manchas blancas en la cara interna de la mejilla.<\/li>\n<\/ul>\n\n\n\n<p>\u201cEl sarampi\u00f3n es altamente contagioso, se transmite mediante gotas de aire de la nariz, boca, o garganta de una persona infectada. El virus puede persistir en el aire o sobre superficies, siendo activo y contagioso por 2 horas, es decir que no es necesario el contacto directo interpersonal para la transmisi\u00f3n viral\u201d, indic\u00f3 Falaschi.<\/p>\n\n\n\n<p><strong>Fuente: www.elsol.com.ar<\/strong><\/p>\n","protected":false},"excerpt":{"rendered":"<p>Hay mucha preocupaci\u00f3n en el pa\u00eds por la presencia de&nbsp;Sarampi\u00f3n&nbsp;en la&nbsp;Ciudad de Buenos Aires. En las \u00faltimas horas,&nbsp;el Ministerio de Salud de la Naci\u00f3n confirm\u00f3 el cuarto caso, el m\u00e1s reciente fue el de una joven de 18 a\u00f1os sin antecedente de viaje, y ante esto, reforz\u00f3 el plan de contingencias que se dispuso en [&hellip;]<\/p>\n","protected":false},"author":2,"featured_media":11749,"comment_status":"open","ping_status":"open","sticky":false,"template":"","format":"standard","meta":[],"categories":[58],"tags":[],"_links":{"self":[{"href":"https:\/\/pasaenmendoza.com\/index.php?rest_route=\/wp\/v2\/posts\/11748"}],"collection":[{"href":"https:\/\/pasaenmendoza.com\/index.php?rest_route=\/wp\/v2\/posts"}],"about":[{"href":"https:\/\/pasaenmendoza.com\/index.php?rest_route=\/wp\/v2\/types\/post"}],"author":[{"embeddable":true,"href":"https:\/\/pasaenmendoza.com\/index.php?rest_route=\/wp\/v2\/users\/2"}],"replies":[{"embeddable":true,"href":"https:\/\/pasaenmendoza.com\/index.php?rest_route=%2Fwp%2Fv2%2Fcomments&post=11748"}],"version-history":[{"count":1,"href":"https:\/\/pasaenmendoza.com\/index.php?rest_route=\/wp\/v2\/posts\/11748\/revisions"}],"predecessor-version":[{"id":11750,"href":"https:\/\/pasaenmendoza.com\/index.php?rest_route=\/wp\/v2\/posts\/11748\/revisions\/11750"}],"wp:featuredmedia":[{"embeddable":true,"href":"https:\/\/pasaenmendoza.com\/index.php?rest_route=\/wp\/v2\/media\/11749"}],"wp:attachment":[{"href":"https:\/\/pasaenmendoza.com\/index.php?rest_route=%2Fwp%2Fv2%2Fmedia&parent=11748"}],"wp:term":[{"taxonomy":"category","embeddable":true,"href":"https:\/\/pasaenmendoza.com\/index.php?rest_route=%2Fwp%2Fv2%2Fcategories&post=11748"},{"taxonomy":"post_tag","embeddable":true,"href":"https:\/\/pasaenmendoza.com\/index.php?rest_route=%2Fwp%2Fv2%2Ftags&post=11748"}],"curies":[{"name":"wp","href":"https:\/\/api.w.org\/{rel}","templated":true}]}}